{"id":9987,"date":"2023-04-20T14:20:53","date_gmt":"2023-04-20T17:20:53","guid":{"rendered":"https:\/\/musicforall.com.br\/?p=9987"},"modified":"2023-04-20T14:26:31","modified_gmt":"2023-04-20T17:26:31","slug":"the-wake-de-gianfranco-pescetti-um-som-que-fala-com-a-alma-e-com-o-coracao","status":"publish","type":"post","link":"https:\/\/musicforall.com.br\/site2024\/the-wake-de-gianfranco-pescetti-um-som-que-fala-com-a-alma-e-com-o-coracao\/","title":{"rendered":"\u201cThe Wake\u201d de Gianfranco Pescetti um som que fala com a alma e com o cora\u00e7\u00e3o"},"content":{"rendered":"\n<p>Vida e morte, lados diferentes e conectados da mesma moeda, aqui em \u201c<strong>The Wake<\/strong>\u201d de <strong>Gianfranco Pescetti<\/strong>, se fundem ap\u00f3s se fragmentar em pequenos cristais de entendimento, mostrando ganchos de esperan\u00e7a, indicando que est\u00e1 tudo bem em extravasar a dor causa pelas feridas do destino.<\/p>\n\n\n\n<p>Fascinando a percep\u00e7\u00e3o, os arranjos criam uma gama de sensa\u00e7\u00f5es palp\u00e1veis, que parecem transbordar da alma e conscientizar a mente que alguma coisa mudou, mas, se mantermos a f\u00e9, e a cabe\u00e7a erguida, tudo vai conspirar em nosso favor.<\/p>\n\n\n\n<p>Sintetizadores e notas ressoantes, fazem dessa instrumental composi\u00e7\u00e3o, uma ponte entre os sentimentos e a consci\u00eancia.<\/p>\n\n\n\n<p>A ideia por tr\u00e1s dos tons eletr\u00f4nicos \u00e9 espelhar a melancolia de dias sombrios, inspirando-se nas percas e dessabores da pandemia de Covid, nas lagrimas derramadas e como o cora\u00e7\u00e3o volta aos poucos a respirar.<\/p>\n\n\n\n<p>O artista demonstra uma sensibilidade cativante, que consegue captar as vibra\u00e7\u00f5es sentidas na \u00e9poca e como hoje, \u00e9 poss\u00edvel olha para o \u201cl\u00e1 fora\u201d sentindo a esperan\u00e7a reconstruir o caminho dos sonhos.<\/p>\n\n\n\n<p>\u201c<strong>The Wake<\/strong>\u201d uma obra intensa e gentil que nos lembra, que, as dores passadas, n\u00e3o podem determinar o futuro e a esperan\u00e7a caminha abra\u00e7ada com nosso cora\u00e7\u00e3o.<\/p>\n\n\n\n<figure class=\"wp-block-embed is-type-rich is-provider-spotify wp-block-embed-spotify wp-embed-aspect-21-9 wp-has-aspect-ratio\"><div class=\"wp-block-embed__wrapper\">\n<iframe title=\"Spotify Embed: The Wake\" style=\"border-radius: 12px\" width=\"100%\" height=\"152\" frameborder=\"0\" allowfullscreen allow=\"autoplay; clipboard-write; encrypted-media; fullscreen; picture-in-picture\" loading=\"lazy\" src=\"https:\/\/open.spotify.com\/embed\/track\/1HcdnkoN7UpnH25TYmbJ73?si=3f98c3240c3448e3&#038;utm_source=oembed\"><\/iframe>\n<\/div><\/figure>\n\n\n\n<p>Redes Sociais<\/p>\n\n\n\n<p><a href=\"https:\/\/gianfrancopescetti.com\/\">https:\/\/gianfrancopescetti.com\/<\/a><\/p>\n\n\n\n<p><a href=\"https:\/\/gianfrancopescetti.bandcamp.com\/\">https:\/\/gianfrancopescetti.bandcamp.com\/<\/a><\/p>\n\n\n\n<p class=\"wp-embed-aspect-4-3 wp-has-aspect-ratio\"><a href=\"https:\/\/soundcloud.com\/gianfranco-pescetti?ref=clipboard&amp;p=i&amp;c=1&amp;si=7C0295F131994428A3F504AB12BABD5C&amp;utm_source=clipboard&amp;utm_medium=text&amp;utm_campaign=social_sharing\">https:\/\/soundcloud.com\/gianfranco-pescetti?ref=clipboard&amp;p=i&amp;c=1&amp;si=7C0295F131994428A3F504AB12BABD5C&amp;utm_source=clipboard&amp;utm_medium=text&amp;utm_campaign=social_sharing<\/a><\/p>\n\n\n\n<p class=\"wp-embed-aspect-21-9 wp-has-aspect-ratio\"><a href=\"https:\/\/open.spotify.com\/artist\/6ysa2Tfi3Ax4u8SyLuhWMw?si=5jRy6g-mQvCWStuprql6Bw&amp;dd=1&amp;nd=1\">https:\/\/open.spotify.com\/artist\/6ysa2Tfi3Ax4u8SyLuhWMw?si=5jRy6g-mQvCWStuprql6Bw&amp;dd=1&amp;nd=1<\/a><\/p>\n","protected":false},"excerpt":{"rendered":"<p>Vida e morte, lados diferentes e conectados da mesma moeda, aqui em \u201cThe Wake\u201d de Gianfranco Pescetti, se fundem ap\u00f3s se fragmentar em pequenos cristais de entendimento, mostrando ganchos de esperan\u00e7a, indicando que est\u00e1 tudo bem em extravasar a dor causa pelas feridas do destino. Fascinando a percep\u00e7\u00e3o, os arranjos criam uma gama de sensa\u00e7\u00f5es [&hellip;]<\/p>\n","protected":false},"author":3,"featured_media":9988,"comment_status":"open","ping_status":"open","sticky":false,"template":"","format":"standard","meta":{"footnotes":""},"categories":[25,24,27,20],"tags":[35,2252,106,94],"class_list":["post-9987","post","type-post","status-publish","format-standard","has-post-thumbnail","hentry","category-destaque","category-internacional","category-musicas","category-noticias","tag-eletronic","tag-gianfranco-pescetti","tag-inspiration","tag-instrumental"],"views":105,"_links":{"self":[{"href":"https:\/\/musicforall.com.br\/site2024\/wp-json\/wp\/v2\/posts\/9987","targetHints":{"allow":["GET"]}}],"collection":[{"href":"https:\/\/musicforall.com.br\/site2024\/wp-json\/wp\/v2\/posts"}],"about":[{"href":"https:\/\/musicforall.com.br\/site2024\/wp-json\/wp\/v2\/types\/post"}],"author":[{"embeddable":true,"href":"https:\/\/musicforall.com.br\/site2024\/wp-json\/wp\/v2\/users\/3"}],"replies":[{"embeddable":true,"href":"https:\/\/musicforall.com.br\/site2024\/wp-json\/wp\/v2\/comments?post=9987"}],"version-history":[{"count":3,"href":"https:\/\/musicforall.com.br\/site2024\/wp-json\/wp\/v2\/posts\/9987\/revisions"}],"predecessor-version":[{"id":9991,"href":"https:\/\/musicforall.com.br\/site2024\/wp-json\/wp\/v2\/posts\/9987\/revisions\/9991"}],"wp:featuredmedia":[{"embeddable":true,"href":"https:\/\/musicforall.com.br\/site2024\/wp-json\/wp\/v2\/media\/9988"}],"wp:attachment":[{"href":"https:\/\/musicforall.com.br\/site2024\/wp-json\/wp\/v2\/media?parent=9987"}],"wp:term":[{"taxonomy":"category","embeddable":true,"href":"https:\/\/musicforall.com.br\/site2024\/wp-json\/wp\/v2\/categories?post=9987"},{"taxonomy":"post_tag","embeddable":true,"href":"https:\/\/musicforall.com.br\/site2024\/wp-json\/wp\/v2\/tags?post=9987"}],"curies":[{"name":"wp","href":"https:\/\/api.w.org\/{rel}","templated":true}]}}