{"id":9151,"date":"2023-04-01T16:01:40","date_gmt":"2023-04-01T19:01:40","guid":{"rendered":"https:\/\/musicforall.com.br\/?p=9151"},"modified":"2023-04-01T16:01:41","modified_gmt":"2023-04-01T19:01:41","slug":"wenn-de-sesler-zeeb-um-espirituoso-jogo-de-palavras","status":"publish","type":"post","link":"https:\/\/musicforall.com.br\/site2024\/wenn-de-sesler-zeeb-um-espirituoso-jogo-de-palavras\/","title":{"rendered":"\u201cWenn\u201d de Se\u00dfler\/Zeeb um espirituoso jogo de palavras"},"content":{"rendered":"\n<p>A dupla alem\u00e3 <strong>Se\u00dfler\/Zeeb<\/strong> apresentam sua espirituosa composi\u00e7\u00e3o \u201c<strong>Wenn<\/strong>\u201d.<\/p>\n\n\n\n<p>Com arranjos ativos, a estrutura r\u00edtmica, brinca de oscilar entre a suavidade da alegria e a frenesia da empolga\u00e7\u00e3o, desenhando um ciclo de sensa\u00e7\u00f5es, cuja guitarra mostra a sutil quebra de velocidade, garantindo uma atmosfera animada para se compartilhar.<\/p>\n\n\n\n<p>No interessante conduzir da trama, at\u00e9 uma noite de luar aparece, no fluir do saxofone, indicando uma melodia rica em possibilidades e prazeres.<\/p>\n\n\n\n<p>A letra \u00e9 um jogo de palavras na l\u00edngua alem\u00e3, que se seria parecido com os ditos brasileiro de \u201ce se\u201d, moldando os versos como se fizessem parte de algumas conversas aleat\u00f3rias, carregando um leve tom sarc\u00e1stico do vocal, e deixa a obra bem divertida.<\/p>\n\n\n\n<p>Utilizando pitadas de nostalgia sonora, os versos caminham de m\u00e3os dadas com as entona\u00e7\u00f5es, pintando cen\u00e1rios casuais e simples, mas que causa uma maior imers\u00e3o do ouvindo, que em alguns momentos, at\u00e9 se arrisca a imaginar acr\u00e9scimos para dan\u00e7ar.<\/p>\n\n\n\n<p>Disponha-se ent\u00e3o, a explorar as cores e caminhos propostos para seu deleite emocional.<\/p>\n\n\n\n<p>\u201c<strong>Wenn<\/strong>\u201d um single empolgado que te conduz por diferentes zonas de entretenimento e divers\u00e3o.<\/p>\n\n\n\n<figure class=\"wp-block-embed is-type-rich is-provider-spotify wp-block-embed-spotify wp-embed-aspect-21-9 wp-has-aspect-ratio\"><div class=\"wp-block-embed__wrapper\">\n<iframe title=\"Spotify Embed: Wenn\" style=\"border-radius: 12px\" width=\"100%\" height=\"152\" frameborder=\"0\" allowfullscreen allow=\"autoplay; clipboard-write; encrypted-media; fullscreen; picture-in-picture\" loading=\"lazy\" src=\"https:\/\/open.spotify.com\/embed\/track\/44iPRH5K5voIHHYdX758mZ?si=8e280ec8492a4233&#038;utm_source=oembed\"><\/iframe>\n<\/div><\/figure>\n\n\n\n<p>Redes Sociais<\/p>\n\n\n\n<p><a href=\"https:\/\/sessler-zeeb.de\/\">https:\/\/sessler-zeeb.de\/<\/a><\/p>\n\n\n\n<p><a href=\"https:\/\/www.instagram.com\/kuse1906\/\">https:\/\/www.instagram.com\/kuse1906\/<\/a><\/p>\n\n\n\n<p><a href=\"https:\/\/www.facebook.com\/people\/Kurt-Se%C3%9Fler\/pfbid02hyD6FeAQJkRERfd5QHzSrqK9mvhyNYD2RNvAuSpECmsbCKH2YDZvrzVmyBCQzuaMl\/\">https:\/\/www.facebook.com\/people\/Kurt-Se%C3%9Fler\/pfbid02hyD6FeAQJkRERfd5QHzSrqK9mvhyNYD2RNvAuSpECmsbCKH2YDZvrzVmyBCQzuaMl\/<\/a><\/p>\n\n\n\n<p><a href=\"https:\/\/sesslerzeeb.bandcamp.com\/\">https:\/\/sesslerzeeb.bandcamp.com\/<\/a><\/p>\n\n\n\n<p class=\"wp-embed-aspect-4-3 wp-has-aspect-ratio\"><a href=\"https:\/\/soundcloud.com\/user-860822328?utm_source=clipboard&amp;utm_medium=text&amp;utm_campaign=social_sharing\">https:\/\/soundcloud.com\/user-860822328?utm_source=clipboard&amp;utm_medium=text&amp;utm_campaign=social_sharing<\/a><\/p>\n\n\n\n<p><a href=\"https:\/\/www.youtube.com\/channel\/UC0GT8Bbfsn1SqjDb6lZ4e4w\">https:\/\/www.youtube.com\/channel\/UC0GT8Bbfsn1SqjDb6lZ4e4w<\/a><\/p>\n\n\n\n<p class=\"wp-embed-aspect-21-9 wp-has-aspect-ratio\"><a href=\"https:\/\/open.spotify.com\/artist\/6Nir6BdRvttKmDRWVSatgX?si=k42JVj_ATxeQYzTr7VR7oQ&amp;nd=1\">https:\/\/open.spotify.com\/artist\/6Nir6BdRvttKmDRWVSatgX?si=k42JVj_ATxeQYzTr7VR7oQ&amp;nd=1<\/a><\/p>\n","protected":false},"excerpt":{"rendered":"<p>A dupla alem\u00e3 Se\u00dfler\/Zeeb apresentam sua espirituosa composi\u00e7\u00e3o \u201cWenn\u201d. Com arranjos ativos, a estrutura r\u00edtmica, brinca de oscilar entre a suavidade da alegria e a frenesia da empolga\u00e7\u00e3o, desenhando um ciclo de sensa\u00e7\u00f5es, cuja guitarra mostra a sutil quebra de velocidade, garantindo uma atmosfera animada para se compartilhar. No interessante conduzir da trama, at\u00e9 uma [&hellip;]<\/p>\n","protected":false},"author":3,"featured_media":9152,"comment_status":"open","ping_status":"open","sticky":false,"template":"","format":"standard","meta":{"footnotes":""},"categories":[25,24,27,20],"tags":[50,225,2073],"class_list":["post-9151","post","type-post","status-publish","format-standard","has-post-thumbnail","hentry","category-destaque","category-internacional","category-musicas","category-noticias","tag-pop","tag-pop-rock","tag-sesler-zeeb"],"views":31,"_links":{"self":[{"href":"https:\/\/musicforall.com.br\/site2024\/wp-json\/wp\/v2\/posts\/9151","targetHints":{"allow":["GET"]}}],"collection":[{"href":"https:\/\/musicforall.com.br\/site2024\/wp-json\/wp\/v2\/posts"}],"about":[{"href":"https:\/\/musicforall.com.br\/site2024\/wp-json\/wp\/v2\/types\/post"}],"author":[{"embeddable":true,"href":"https:\/\/musicforall.com.br\/site2024\/wp-json\/wp\/v2\/users\/3"}],"replies":[{"embeddable":true,"href":"https:\/\/musicforall.com.br\/site2024\/wp-json\/wp\/v2\/comments?post=9151"}],"version-history":[{"count":1,"href":"https:\/\/musicforall.com.br\/site2024\/wp-json\/wp\/v2\/posts\/9151\/revisions"}],"predecessor-version":[{"id":9153,"href":"https:\/\/musicforall.com.br\/site2024\/wp-json\/wp\/v2\/posts\/9151\/revisions\/9153"}],"wp:featuredmedia":[{"embeddable":true,"href":"https:\/\/musicforall.com.br\/site2024\/wp-json\/wp\/v2\/media\/9152"}],"wp:attachment":[{"href":"https:\/\/musicforall.com.br\/site2024\/wp-json\/wp\/v2\/media?parent=9151"}],"wp:term":[{"taxonomy":"category","embeddable":true,"href":"https:\/\/musicforall.com.br\/site2024\/wp-json\/wp\/v2\/categories?post=9151"},{"taxonomy":"post_tag","embeddable":true,"href":"https:\/\/musicforall.com.br\/site2024\/wp-json\/wp\/v2\/tags?post=9151"}],"curies":[{"name":"wp","href":"https:\/\/api.w.org\/{rel}","templated":true}]}}