{"id":860,"date":"2022-10-10T18:48:31","date_gmt":"2022-10-10T21:48:31","guid":{"rendered":"https:\/\/musicforall.com.br\/?p=860"},"modified":"2022-10-10T19:07:52","modified_gmt":"2022-10-10T22:07:52","slug":"the-grand-prix-ouca-o-impressionante-single-get-some-air-saiba-mais","status":"publish","type":"post","link":"https:\/\/musicforall.com.br\/site2024\/the-grand-prix-ouca-o-impressionante-single-get-some-air-saiba-mais\/","title":{"rendered":"The Grand Prix: ou\u00e7a o impressionante single &#8220;Get Some Air&#8221;; saiba mais"},"content":{"rendered":"\n<p>Quando o indie-rock dialoga furtivamente com refer\u00eancias contempor\u00e2neas, e trazendo personalidade que exaure pelos poros, conduz a uma sonoridade que soa absolutamente renovada perante o contexto art\u00edstico mundial? Temos isso AQUI, no mais novo lan\u00e7amento em formato de single, da banda radicada em Paris, The Grand Prix, a impressionante can\u00e7\u00e3o &#8220;Get Some Air&#8221;! Com resplandec\u00eancia pop poderosa, os sintetizadores emulando maneirismos que remetem ao EDM e neo R&amp;B, os riffs n\u00e3o deixam de serem devidamente explodidos em profus\u00e3o, trazendo uma carga absolutamente vibrante a todo o contexto da faixa.<\/p>\n\n\n\n<div class=\"wp-block-cover aligncenter\"><span aria-hidden=\"true\" class=\"wp-block-cover__background has-background-dim\"><\/span><img fetchpriority=\"high\" decoding=\"async\" width=\"1024\" height=\"576\" class=\"wp-block-cover__image-background wp-image-861\" alt=\"\" src=\"https:\/\/musicforall.com.br\/site2024\/wp-content\/uploads\/2022\/10\/The-Grand-Prix-2-1024x576.jpeg\" data-object-fit=\"cover\" srcset=\"https:\/\/musicforall.com.br\/site2024\/wp-content\/uploads\/2022\/10\/The-Grand-Prix-2-1024x576.jpeg 1024w, https:\/\/musicforall.com.br\/site2024\/wp-content\/uploads\/2022\/10\/The-Grand-Prix-2-300x169.jpeg 300w, https:\/\/musicforall.com.br\/site2024\/wp-content\/uploads\/2022\/10\/The-Grand-Prix-2-768x432.jpeg 768w, https:\/\/musicforall.com.br\/site2024\/wp-content\/uploads\/2022\/10\/The-Grand-Prix-2-390x220.jpeg 390w, https:\/\/musicforall.com.br\/site2024\/wp-content\/uploads\/2022\/10\/The-Grand-Prix-2.jpeg 1280w\" sizes=\"(max-width: 1024px) 100vw, 1024px\" \/><div class=\"wp-block-cover__inner-container is-layout-flow wp-block-cover-is-layout-flow\">\n<p class=\"has-text-align-center has-large-font-size\">Cr\u00e9dito fotografia: Paul Minez<\/p>\n<\/div><\/div>\n\n\n\n<p>Toda can\u00e7\u00e3o que emula um HINO pop-rock em potencial, tradicionalmente traz consigo um refr\u00e3o grandioso, daqueles que sensorialmente nos abduz de tal forma que gruda literalmente em nossas mentes em car\u00e1ter imediato! O duelo do vocal bastante conciso com esse instrumental altamente diversificado e coeso simultaneamente, corrobora para que tenhamos esse sucesso imediato perante o registro em sua \u00edntegra. &#8220;Uma janela para a mente let\u00e1rgica, mas muito autoconsciente de um personagem adolescente&#8221;, discorrem os integrantes do quarteto frente ao conceito promulgado para o grande fazer art\u00edstico de &#8220;Get Some Air&#8221;. Disponibilizado abaixo, o novo single do The Grand Prix:<\/p>\n\n\n\n<figure class=\"wp-block-embed is-type-video is-provider-youtube wp-block-embed-youtube wp-embed-aspect-16-9 wp-has-aspect-ratio\"><div class=\"wp-block-embed__wrapper\">\n<iframe title=\"Get Some Air (Official Music Video)\" width=\"800\" height=\"450\" src=\"https:\/\/www.youtube.com\/embed\/AROk89It6t4?feature=oembed\" frameborder=\"0\" allow=\"accelerometer; autoplay; clipboard-write; encrypted-media; gyroscope; picture-in-picture; web-share\" referrerpolicy=\"strict-origin-when-cross-origin\" allowfullscreen><\/iframe>\n<\/div><\/figure>\n\n\n\n<p><br><a href=\"https:\/\/www.facebook.com\/thegrandprixband\">https:\/\/www.facebook.com\/thegrandprixband<\/a><br><a href=\"https:\/\/open.spotify.com\/artist\/5okkJKTwuhZ4KQVq1AOtNa?si=X7zCK0txThONoi3UgwuUlg\">https:\/\/open.spotify.com\/artist\/5okkJKTwuhZ4KQVq1AOtNa?si=X7zCK0txThONoi3UgwuUlg<\/a><br><a href=\"https:\/\/soundcloud.com\/the-grand-prix\/sets\/the-grand-prix-i?utm_source=clipboard&amp;utm_campaign=wtshare&amp;utm_medium=widget&amp;utm_content=https%253A%252F%252Fsoundcloud.com%252Fthe-grand-prix%252Fsets%252Fthe-grand-prix-i\">https:\/\/soundcloud.com\/the-grand-prix\/sets\/the-grand-prix-i?utm_source=clipboard&amp;utm_campaign=wtshare&amp;utm_medium=widget&amp;utm_content=https%253A%252F%252Fsoundcloud.com%252Fthe-grand-prix%252Fsets%252Fthe-grand-prix-i<\/a><br><a href=\"https:\/\/www.youtube.com\/channel\/UCcLvTc_cHJE6VN3MlChPRvQ\/videos\">https:\/\/www.youtube.com\/channel\/UCcLvTc_cHJE6VN3MlChPRvQ\/videos<\/a><br><a href=\"https:\/\/www.instagram.com\/tgp_thegrandprix\/\">https:\/\/www.instagram.com\/tgp_thegrandprix\/<\/a><\/p>\n","protected":false},"excerpt":{"rendered":"<p>Quando o indie-rock dialoga furtivamente com refer\u00eancias contempor\u00e2neas, e trazendo personalidade que exaure pelos poros, conduz a uma sonoridade que soa absolutamente renovada perante o contexto art\u00edstico mundial? Temos isso AQUI, no mais novo lan\u00e7amento em formato de single, da banda radicada em Paris, The Grand Prix, a impressionante can\u00e7\u00e3o &#8220;Get Some Air&#8221;! Com resplandec\u00eancia [&hellip;]<\/p>\n","protected":false},"author":6,"featured_media":862,"comment_status":"open","ping_status":"open","sticky":false,"template":"","format":"standard","meta":{"footnotes":""},"categories":[25,20],"tags":[295,217,294],"class_list":["post-860","post","type-post","status-publish","format-standard","has-post-thumbnail","hentry","category-destaque","category-noticias","tag-get-some-air","tag-alternative-music","tag-the-grand-prix"],"views":236,"_links":{"self":[{"href":"https:\/\/musicforall.com.br\/site2024\/wp-json\/wp\/v2\/posts\/860","targetHints":{"allow":["GET"]}}],"collection":[{"href":"https:\/\/musicforall.com.br\/site2024\/wp-json\/wp\/v2\/posts"}],"about":[{"href":"https:\/\/musicforall.com.br\/site2024\/wp-json\/wp\/v2\/types\/post"}],"author":[{"embeddable":true,"href":"https:\/\/musicforall.com.br\/site2024\/wp-json\/wp\/v2\/users\/6"}],"replies":[{"embeddable":true,"href":"https:\/\/musicforall.com.br\/site2024\/wp-json\/wp\/v2\/comments?post=860"}],"version-history":[{"count":2,"href":"https:\/\/musicforall.com.br\/site2024\/wp-json\/wp\/v2\/posts\/860\/revisions"}],"predecessor-version":[{"id":871,"href":"https:\/\/musicforall.com.br\/site2024\/wp-json\/wp\/v2\/posts\/860\/revisions\/871"}],"wp:featuredmedia":[{"embeddable":true,"href":"https:\/\/musicforall.com.br\/site2024\/wp-json\/wp\/v2\/media\/862"}],"wp:attachment":[{"href":"https:\/\/musicforall.com.br\/site2024\/wp-json\/wp\/v2\/media?parent=860"}],"wp:term":[{"taxonomy":"category","embeddable":true,"href":"https:\/\/musicforall.com.br\/site2024\/wp-json\/wp\/v2\/categories?post=860"},{"taxonomy":"post_tag","embeddable":true,"href":"https:\/\/musicforall.com.br\/site2024\/wp-json\/wp\/v2\/tags?post=860"}],"curies":[{"name":"wp","href":"https:\/\/api.w.org\/{rel}","templated":true}]}}