{"id":7615,"date":"2023-03-03T16:42:49","date_gmt":"2023-03-03T19:42:49","guid":{"rendered":"https:\/\/musicforall.com.br\/?p=7615"},"modified":"2023-03-03T16:53:44","modified_gmt":"2023-03-03T19:53:44","slug":"xeven-junto-a-amii-dawes-ataca-com-neck-verse-vol-2-remix-single-saiba-mais","status":"publish","type":"post","link":"https:\/\/musicforall.com.br\/site2024\/xeven-junto-a-amii-dawes-ataca-com-neck-verse-vol-2-remix-single-saiba-mais\/","title":{"rendered":"Xeven: junto a Amii Dawes ataca com &#8220;Neck Verse, Vol.2 (Remix Single)&#8221;; saiba mais"},"content":{"rendered":"\n<p>Um remix \u00e9 algo que carrega uma premissa controversa sempre&#8230; Fica sempre aquela pergunta quando nos deparamos com um processo desses: a can\u00e7\u00e3o tomar\u00e1 outras propor\u00e7\u00f5es positivas ou ir\u00e1 &#8220;macular&#8221; o resultado anterior? O p\u00fablico sempre faz o questionamento, mas nesse caso aqui tivemos um ressignificado primoroso da can\u00e7\u00e3o em quest\u00e3o, que se trata de &#8220;Neck Verse&#8221;, p\u00e9rola de\u00a0Amii Dawes que foi devidamente retomada em conjunto com a artista nascida na Let\u00f4nia e radicada em\u00a0Jertsey City, Xeven!<\/p>\n\n\n\n<p>O brado com a narrativa enfatizando questionamentos de sa\u00fade mental, nesta parceria se apresenta de forma mais sedutora, com os sintetizadores dialogando furtivamente frente ao groove monumental instaurado. E temos a voz maravilhosa da artista, um verdadeiro espet\u00e1culo a parte, pois consegue aliar do\u00e7ura, vol\u00fapia, sofreguid\u00e3o emocional e t\u00e9cnica apurad\u00edssima em seu intento, construindo linhas simplesmente encantadoras!<\/p>\n\n\n\n<figure class=\"wp-block-image size-full\"><img fetchpriority=\"high\" decoding=\"async\" width=\"960\" height=\"720\" src=\"https:\/\/musicforall.com.br\/site2024\/wp-content\/uploads\/2023\/03\/Xeven-2.jpg\" alt=\"\" class=\"wp-image-7616\" srcset=\"https:\/\/musicforall.com.br\/site2024\/wp-content\/uploads\/2023\/03\/Xeven-2.jpg 960w, https:\/\/musicforall.com.br\/site2024\/wp-content\/uploads\/2023\/03\/Xeven-2-300x225.jpg 300w, https:\/\/musicforall.com.br\/site2024\/wp-content\/uploads\/2023\/03\/Xeven-2-768x576.jpg 768w\" sizes=\"(max-width: 960px) 100vw, 960px\" \/><\/figure>\n\n\n\n<p>A jornada sensorial abduz o ouvinte em car\u00e1ter imediato, conduzindo-o para um universo imergido em mist\u00e9rios. E n\u00e3o podemos destacar a resplandec\u00eancia pop que se manifesta no refr\u00e3o, daqueles concisos, grudento e perfeito para ser bradado de forma entusi\u00e1stica em car\u00e1ter imediato. Lan\u00e7amento em formato de single SENSACIONAL! Disponibilizado abaixo:<\/p>\n\n\n\n<figure class=\"wp-block-embed is-type-rich is-provider-spotify wp-block-embed-spotify wp-embed-aspect-21-9 wp-has-aspect-ratio\"><div class=\"wp-block-embed__wrapper\">\n<iframe title=\"Spotify Embed: Neck Verse, Vol. 2\" style=\"border-radius: 12px\" width=\"100%\" height=\"352\" frameborder=\"0\" allowfullscreen allow=\"autoplay; clipboard-write; encrypted-media; fullscreen; picture-in-picture\" loading=\"lazy\" src=\"https:\/\/open.spotify.com\/embed\/album\/25qqDGarY72LHakEBX8esw?si=GJ9o87DYRoGMjAGdIEHDrw&#038;utm_source=oembed\"><\/iframe>\n<\/div><\/figure>\n\n\n\n<p><a href=\"https:\/\/www.xevenxmusic.com\">https:\/\/www.xevenxmusic.com<\/a><br><a href=\"https:\/\/facebook.com\/xevenxmusic\">https:\/\/facebook.com\/xevenxmusic<\/a><br><a href=\"https:\/\/open.spotify.com\/artist\/6eaMQERfgH57LNnDGmmXOw?si=pdldHQWWQg2eT-m_JYIjlg\">https:\/\/open.spotify.com\/artist\/6eaMQERfgH57LNnDGmmXOw?si=pdldHQWWQg2eT-m_JYIjlg<\/a><br><a href=\"https:\/\/soundcloud.com\/xevenxmusic\">https:\/\/soundcloud.com\/xevenxmusic<\/a><br><a href=\"https:\/\/xevenxmusic.bandcamp.com\/\">https:\/\/xevenxmusic.bandcamp.com\/<\/a><br><a href=\"https:\/\/youtube.com\/xevenxmusic\">https:\/\/youtube.com\/xevenxmusic<\/a><br><a href=\"https:\/\/instagram.com\/mspreis\">https:\/\/instagram.com\/mspreis<\/a><\/p>\n","protected":false},"excerpt":{"rendered":"<p>Um remix \u00e9 algo que carrega uma premissa controversa sempre&#8230; Fica sempre aquela pergunta quando nos deparamos com um processo desses: a can\u00e7\u00e3o tomar\u00e1 outras propor\u00e7\u00f5es positivas ou ir\u00e1 &#8220;macular&#8221; o resultado anterior? O p\u00fablico sempre faz o questionamento, mas nesse caso aqui tivemos um ressignificado primoroso da can\u00e7\u00e3o em quest\u00e3o, que se trata de [&hellip;]<\/p>\n","protected":false},"author":6,"featured_media":7617,"comment_status":"open","ping_status":"open","sticky":false,"template":"","format":"standard","meta":{"footnotes":""},"categories":[25,20],"tags":[1741,217,1738],"class_list":["post-7615","post","type-post","status-publish","format-standard","has-post-thumbnail","hentry","category-destaque","category-noticias","tag-neck-verse-vol-2-remix-single","tag-alternative-music","tag-xeven"],"views":32,"_links":{"self":[{"href":"https:\/\/musicforall.com.br\/site2024\/wp-json\/wp\/v2\/posts\/7615","targetHints":{"allow":["GET"]}}],"collection":[{"href":"https:\/\/musicforall.com.br\/site2024\/wp-json\/wp\/v2\/posts"}],"about":[{"href":"https:\/\/musicforall.com.br\/site2024\/wp-json\/wp\/v2\/types\/post"}],"author":[{"embeddable":true,"href":"https:\/\/musicforall.com.br\/site2024\/wp-json\/wp\/v2\/users\/6"}],"replies":[{"embeddable":true,"href":"https:\/\/musicforall.com.br\/site2024\/wp-json\/wp\/v2\/comments?post=7615"}],"version-history":[{"count":2,"href":"https:\/\/musicforall.com.br\/site2024\/wp-json\/wp\/v2\/posts\/7615\/revisions"}],"predecessor-version":[{"id":7624,"href":"https:\/\/musicforall.com.br\/site2024\/wp-json\/wp\/v2\/posts\/7615\/revisions\/7624"}],"wp:featuredmedia":[{"embeddable":true,"href":"https:\/\/musicforall.com.br\/site2024\/wp-json\/wp\/v2\/media\/7617"}],"wp:attachment":[{"href":"https:\/\/musicforall.com.br\/site2024\/wp-json\/wp\/v2\/media?parent=7615"}],"wp:term":[{"taxonomy":"category","embeddable":true,"href":"https:\/\/musicforall.com.br\/site2024\/wp-json\/wp\/v2\/categories?post=7615"},{"taxonomy":"post_tag","embeddable":true,"href":"https:\/\/musicforall.com.br\/site2024\/wp-json\/wp\/v2\/tags?post=7615"}],"curies":[{"name":"wp","href":"https:\/\/api.w.org\/{rel}","templated":true}]}}