{"id":7556,"date":"2023-03-03T10:23:06","date_gmt":"2023-03-03T13:23:06","guid":{"rendered":"https:\/\/musicforall.com.br\/?p=7556"},"modified":"2023-03-03T10:23:07","modified_gmt":"2023-03-03T13:23:07","slug":"apaixone-se-pelas-cores-em-wasted-days-de-summerblue","status":"publish","type":"post","link":"https:\/\/musicforall.com.br\/site2024\/apaixone-se-pelas-cores-em-wasted-days-de-summerblue\/","title":{"rendered":"Apaixone-se pelas cores em \u201cWasted Days\u201d de Summerblue"},"content":{"rendered":"\n<p>Sinta-se livre ao seguir os acordes desse viol\u00e3o, que em j\u00fabilo acompanha o vocal em sua trajet\u00f3ria de modelar as paisagens e emo\u00e7\u00f5es para serem sentidas por voc\u00ea, acarinhando seus sentidos e mente, possibilitando uma amplia\u00e7\u00e3o da vis\u00e3o espiritual.<\/p>\n\n\n\n<p>Na leveza dos tons, seremos mais conscientes, absorveremos a experi\u00eancia com a positiva certeza de gl\u00f3ria, valorizando as manh\u00e3s de sol e as tardes de tempestade.<\/p>\n\n\n\n<p>Sairemos mais conscientes do imensur\u00e1vel valor das coisas simples que comp\u00f5em os dias e aquecer o cora\u00e7\u00e3o.<\/p>\n\n\n\n<figure class=\"wp-block-embed is-type-video is-provider-youtube wp-block-embed-youtube wp-embed-aspect-4-3 wp-has-aspect-ratio\"><div class=\"wp-block-embed__wrapper\">\n<iframe title=\"Wasted Days\" width=\"800\" height=\"600\" src=\"https:\/\/www.youtube.com\/embed\/ISwXL59R3nM?feature=oembed\" frameborder=\"0\" allow=\"accelerometer; autoplay; clipboard-write; encrypted-media; gyroscope; picture-in-picture; web-share\" referrerpolicy=\"strict-origin-when-cross-origin\" allowfullscreen><\/iframe>\n<\/div><\/figure>\n","protected":false},"excerpt":{"rendered":"<p>Sinta-se livre ao seguir os acordes desse viol\u00e3o, que em j\u00fabilo acompanha o vocal em sua trajet\u00f3ria de modelar as paisagens e emo\u00e7\u00f5es para serem sentidas por voc\u00ea, acarinhando seus sentidos e mente, possibilitando uma amplia\u00e7\u00e3o da vis\u00e3o espiritual. Na leveza dos tons, seremos mais conscientes, absorveremos a experi\u00eancia com a positiva certeza de gl\u00f3ria, [&hellip;]<\/p>\n","protected":false},"author":3,"featured_media":7557,"comment_status":"open","ping_status":"open","sticky":false,"template":"","format":"standard","meta":{"footnotes":""},"categories":[25,24,27,20],"tags":[293,862,1715],"class_list":["post-7556","post","type-post","status-publish","format-standard","has-post-thumbnail","hentry","category-destaque","category-internacional","category-musicas","category-noticias","tag-acoustic","tag-folk-pop","tag-summerblue"],"views":59,"_links":{"self":[{"href":"https:\/\/musicforall.com.br\/site2024\/wp-json\/wp\/v2\/posts\/7556","targetHints":{"allow":["GET"]}}],"collection":[{"href":"https:\/\/musicforall.com.br\/site2024\/wp-json\/wp\/v2\/posts"}],"about":[{"href":"https:\/\/musicforall.com.br\/site2024\/wp-json\/wp\/v2\/types\/post"}],"author":[{"embeddable":true,"href":"https:\/\/musicforall.com.br\/site2024\/wp-json\/wp\/v2\/users\/3"}],"replies":[{"embeddable":true,"href":"https:\/\/musicforall.com.br\/site2024\/wp-json\/wp\/v2\/comments?post=7556"}],"version-history":[{"count":1,"href":"https:\/\/musicforall.com.br\/site2024\/wp-json\/wp\/v2\/posts\/7556\/revisions"}],"predecessor-version":[{"id":7558,"href":"https:\/\/musicforall.com.br\/site2024\/wp-json\/wp\/v2\/posts\/7556\/revisions\/7558"}],"wp:featuredmedia":[{"embeddable":true,"href":"https:\/\/musicforall.com.br\/site2024\/wp-json\/wp\/v2\/media\/7557"}],"wp:attachment":[{"href":"https:\/\/musicforall.com.br\/site2024\/wp-json\/wp\/v2\/media?parent=7556"}],"wp:term":[{"taxonomy":"category","embeddable":true,"href":"https:\/\/musicforall.com.br\/site2024\/wp-json\/wp\/v2\/categories?post=7556"},{"taxonomy":"post_tag","embeddable":true,"href":"https:\/\/musicforall.com.br\/site2024\/wp-json\/wp\/v2\/tags?post=7556"}],"curies":[{"name":"wp","href":"https:\/\/api.w.org\/{rel}","templated":true}]}}