{"id":7553,"date":"2023-03-03T10:21:03","date_gmt":"2023-03-03T13:21:03","guid":{"rendered":"https:\/\/musicforall.com.br\/?p=7553"},"modified":"2023-03-03T10:21:03","modified_gmt":"2023-03-03T13:21:03","slug":"contemple-a-imensidao-da-musica-cardinal-de-veleva","status":"publish","type":"post","link":"https:\/\/musicforall.com.br\/site2024\/contemple-a-imensidao-da-musica-cardinal-de-veleva\/","title":{"rendered":"Contemple a imensid\u00e3o da m\u00fasica \u201cCardinal\u201d de VELEVA"},"content":{"rendered":"\n<p>Crescente e reluzente como um sonho bom, os arranjos transmitir\u00e3o boas vibra\u00e7\u00f5es para o vocal colorir de maneira intensa e consciente, pois o poder \u00e9 apresentado pelas palavras, hipnotizando e construindo uma rela\u00e7\u00e3o mutua de admira\u00e7\u00e3o.<\/p>\n\n\n\n<p>Surpreenda-se com a fluidez dessa composi\u00e7\u00e3o, navegando por suas ondas e sentindo as possibilidades do tempo se ampliarem para voc\u00ea, com cores e texturas nunca, antes creditadas, mas com vivacidades sensoriais exclusivas.<\/p>\n\n\n\n<p>Absorva ao m\u00e1ximo essa fascina\u00e7\u00e3o em forma de m\u00fasica.<\/p>\n\n\n\n<figure class=\"wp-block-embed is-type-rich is-provider-soundcloud wp-block-embed-soundcloud\"><div class=\"wp-block-embed__wrapper\">\n<iframe title=\"02 - Cardinal by VELEVA\" width=\"800\" height=\"400\" scrolling=\"no\" frameborder=\"no\" src=\"https:\/\/w.soundcloud.com\/player\/?visual=true&#038;url=https%3A%2F%2Fapi.soundcloud.com%2Ftracks%2F1440310249&#038;show_artwork=true&#038;maxheight=1000&#038;maxwidth=800\"><\/iframe>\n<\/div><\/figure>\n","protected":false},"excerpt":{"rendered":"<p>Crescente e reluzente como um sonho bom, os arranjos transmitir\u00e3o boas vibra\u00e7\u00f5es para o vocal colorir de maneira intensa e consciente, pois o poder \u00e9 apresentado pelas palavras, hipnotizando e construindo uma rela\u00e7\u00e3o mutua de admira\u00e7\u00e3o. Surpreenda-se com a fluidez dessa composi\u00e7\u00e3o, navegando por suas ondas e sentindo as possibilidades do tempo se ampliarem para [&hellip;]<\/p>\n","protected":false},"author":3,"featured_media":7554,"comment_status":"open","ping_status":"open","sticky":false,"template":"","format":"standard","meta":{"footnotes":""},"categories":[25,24,27,20],"tags":[1455,182,94,1714],"class_list":["post-7553","post","type-post","status-publish","format-standard","has-post-thumbnail","hentry","category-destaque","category-internacional","category-musicas","category-noticias","tag-dowtempo","tag-electronic","tag-instrumental","tag-veleva"],"views":82,"_links":{"self":[{"href":"https:\/\/musicforall.com.br\/site2024\/wp-json\/wp\/v2\/posts\/7553","targetHints":{"allow":["GET"]}}],"collection":[{"href":"https:\/\/musicforall.com.br\/site2024\/wp-json\/wp\/v2\/posts"}],"about":[{"href":"https:\/\/musicforall.com.br\/site2024\/wp-json\/wp\/v2\/types\/post"}],"author":[{"embeddable":true,"href":"https:\/\/musicforall.com.br\/site2024\/wp-json\/wp\/v2\/users\/3"}],"replies":[{"embeddable":true,"href":"https:\/\/musicforall.com.br\/site2024\/wp-json\/wp\/v2\/comments?post=7553"}],"version-history":[{"count":1,"href":"https:\/\/musicforall.com.br\/site2024\/wp-json\/wp\/v2\/posts\/7553\/revisions"}],"predecessor-version":[{"id":7555,"href":"https:\/\/musicforall.com.br\/site2024\/wp-json\/wp\/v2\/posts\/7553\/revisions\/7555"}],"wp:featuredmedia":[{"embeddable":true,"href":"https:\/\/musicforall.com.br\/site2024\/wp-json\/wp\/v2\/media\/7554"}],"wp:attachment":[{"href":"https:\/\/musicforall.com.br\/site2024\/wp-json\/wp\/v2\/media?parent=7553"}],"wp:term":[{"taxonomy":"category","embeddable":true,"href":"https:\/\/musicforall.com.br\/site2024\/wp-json\/wp\/v2\/categories?post=7553"},{"taxonomy":"post_tag","embeddable":true,"href":"https:\/\/musicforall.com.br\/site2024\/wp-json\/wp\/v2\/tags?post=7553"}],"curies":[{"name":"wp","href":"https:\/\/api.w.org\/{rel}","templated":true}]}}