{"id":5311,"date":"2023-01-17T16:15:02","date_gmt":"2023-01-17T19:15:02","guid":{"rendered":"https:\/\/musicforall.com.br\/?p=5311"},"modified":"2023-01-17T16:30:25","modified_gmt":"2023-01-17T19:30:25","slug":"georg-oskar-arrebata-com-o-primoroso-ep-late-night-good-night-ouca-e-saiba-mais","status":"publish","type":"post","link":"https:\/\/musicforall.com.br\/site2024\/georg-oskar-arrebata-com-o-primoroso-ep-late-night-good-night-ouca-e-saiba-mais\/","title":{"rendered":"Georg \u00d3skar: arrebata com o primoroso EP &#8220;Late night Good night&#8221;; ou\u00e7a e saiba mais"},"content":{"rendered":"\n<p>Georg \u00d3skar \u00e9 um dos artistas mais proeminentes, completos e multi-facetados surgido nos \u00faltimos tempos! Nascido na Isl\u00e2ndia e radicado em Oslo, sua forma\u00e7\u00e3o em Belas Artes (na&nbsp;prestigiosa Akureyri School of Visual Arts do pa\u00eds de origem), acarretou diretamente no talento das composi\u00e7\u00f5es, onde o permeio abstrato se faz presente em sua onipresen\u00e7a experimental. A maturidade musical frente a toda a experi\u00eancia absorvida, proporcionou um mergulho perante o novo totalmente desprendido do temor em rela\u00e7\u00e3o a ousadia!<\/p>\n\n\n\n<p>Sua m\u00fasica desde a arrebatadora estreia em 2021 com o single \u201cWalk on The Water\u201d, preza por um universo sensorial frente ao desconhecido, e a denomina\u00e7\u00e3o do autor \u00e9 perfeita: &#8220;cria\u00e7\u00e3o em tra\u00e7os largos, desenhando a partir de uma paleta h\u00edbrida anal\u00f3gica e eletr\u00f4nica&#8221;. A premissa ambient se faz presente em contexto poderoso, mas sempre num processo de intensa expans\u00e3o frente as m\u00faltiplas influ\u00eancias. Isso se torna caracter\u00edstica determinante na mais nova empreitada, a jornada contundente do EP, &#8220;Late night Good night&#8221;, um conjunto poderoso de sete can\u00e7\u00f5es! A parceria com o ex\u00edmio cantor e guitarrista Anthony Johan Lovaas, que participa de v\u00e1rias faixas desprendendo talento, \u00e9 o primeiro ponto inicial para ser destacado frente a essa obra realmente impressionante.<\/p>\n\n\n\n<p>O in\u00edcio dos trabalhos se d\u00e1 com &#8220;The Day I Die&#8221;, onde os sintetizadores em profus\u00e3o promovem um arqu\u00e9tipo soturno mas carregado de intensidade gradativa, que recebe como um poderoso efeito de elemento surpresa, suntuosas vozes l\u00fagubres que acabam trazendo em sua companhia o beat embebecido em groove que &#8220;abduz&#8221; instintivamente! Os elementos minimalistas invadem a melodia hipn\u00f3tica que determina os rumos da viagem, trafegando o processo para um status de trilha-sonora ficcional, com uma rica varia\u00e7\u00e3o de imagens sendo suplantada em nosso subconsciente. Uma caracter\u00edstica interessante a se situar \u00e9 o aceno para as pistas, por mais que percebamos que o contexto n\u00e3o se construiu com esse fins. Mas que fatalmente remixes ser\u00e3o concebidos dessa experi\u00eancia, disso n\u00e3o temos d\u00favidas!<\/p>\n\n\n\n<p>&#8220;I am Dead&#8221; mant\u00e9m a progress\u00e3o l\u00fagubre com os bel\u00edssimos vocais embebecidos em lisergia, que recebem synths em aspecto progressivo e futurista de &#8220;todos os lados&#8221; poss\u00edveis. Apesar da percep\u00e7\u00e3o com o cen\u00e1rio dark oitentista, o permeio vai sendo conduzindo para inst\u00e2ncias \u00e9picas, onde as concisas e singelas simultaneamente interven\u00e7\u00f5es da guitarra, promovem um espet\u00e1culo de grandes propor\u00e7\u00f5es. Impressiona o n\u00edvel externado at\u00e9 o momento, lembrando que ainda temos mais cinco can\u00e7\u00f5es pela frente! Em &#8220;My Name Is Superstar&#8221; os tons s\u00e3o mais edificantes, repleto de cores v\u00edvidas e embarca direto em permeios dan\u00e7antes de extrema categoria! A voz mais uma vez expressa seu poderio (remete a David Byrne fase Talking Heads0, e os insights ambient dotados de minimalismo levitam pelo universo promulgado, contribuindo para uma f\u00e1bula em v\u00e1rios est\u00e1gios, j\u00e1 que as mudan\u00e7as abruptas de cad\u00eancia continuam&#8230; INCR\u00cdVEL!<\/p>\n\n\n<div class=\"wp-block-image\">\n<figure class=\"aligncenter size-large\"><img fetchpriority=\"high\" decoding=\"async\" width=\"683\" height=\"1024\" src=\"https:\/\/musicforall.com.br\/site2024\/wp-content\/uploads\/2023\/01\/Georg-Oskar-2-683x1024.jpg\" alt=\"\" class=\"wp-image-5312\" srcset=\"https:\/\/musicforall.com.br\/site2024\/wp-content\/uploads\/2023\/01\/Georg-Oskar-2-683x1024.jpg 683w, https:\/\/musicforall.com.br\/site2024\/wp-content\/uploads\/2023\/01\/Georg-Oskar-2-200x300.jpg 200w, https:\/\/musicforall.com.br\/site2024\/wp-content\/uploads\/2023\/01\/Georg-Oskar-2-768x1151.jpg 768w, https:\/\/musicforall.com.br\/site2024\/wp-content\/uploads\/2023\/01\/Georg-Oskar-2.jpg 854w\" sizes=\"(max-width: 683px) 100vw, 683px\" \/><\/figure>\n<\/div>\n\n\n<p>&#8220;I have no Choice Because it&#8217;s Mine&#8221; tem uma atmosfera esfuma\u00e7ada lounge que al\u00e7ando degrau por degrau descamba em um universo fant\u00e1stico, onde o abra\u00e7o a psicodelia se faz presente em car\u00e1ter intermitente. Syd Barret (o criador do Pink Floyd e um dos papas do acid-rock) onde estiver, com certeza abriu um sorriso de orgulho pela espacialidade rumar mediante esses caminhos t\u00e3o deliciosamente in\u00f3spitos! Mas voltamos para estruturas ambient mais cl\u00e1ssicas em &#8220;Love is Pain&#8221;, onde os teclados a la Vangelis promovem um duelo dos mais furtivos com a linha vocal que mais uma vez (para variar!) se destaca subliminarmente. Fica percept\u00edvel que seu of\u00edcio enquanto artista pl\u00e1stico \u00e9 devidamente pincelado como tinta escorrendo frente a uma tela e com Georg instigando cada respingo frente a constru\u00e7\u00e3o de suas hist\u00f3rias.<\/p>\n\n\n\n<p>Ali\u00e1s as narrativas imergem em sua verve po\u00e9tica com total harmonia ao instrumental\/conceitual, assegurando que a experimenta\u00e7\u00e3o \u00e9 livre e fluida, mas sem lampejos tresloucados no qual perde-se o mecanismo de excel\u00eancia para que a engrenagem funcione. &#8220;Stuck Is This Limbo&#8221; surpreende mais uma vez com uma levada repleta de imers\u00e3o \u00e9tnica, que \u00e9 devidamente assolada pelos sintetizadores virtuosos e emergidos em acentos c\u00f3smicos e grudentos, determinando uma resplandec\u00eancia pop admir\u00e1vel e que surpreende magistralmente!<\/p>\n\n\n\n<p>E chegamos a encore com a faixa-t\u00edtulo, mais um impacto de efervesc\u00eancia frente a recria\u00e7\u00e3o de um baixo anal\u00f3gico cl\u00e1ssico amplamente sedutor, onde os estigmas sonoros que caminham paralelamente a um paradigma pesado e ca\u00f3tico, desprende com clara influ\u00eancia&nbsp;EDM, brados vigorosos sobre o amor, a obsess\u00e3o e o decl\u00ednio da civiliza\u00e7\u00e3o ocidental. Um poema declamado levitando por temas profundos como amor, lux\u00faria e obsess\u00e3o. Sabe aquelas faixas que j\u00e1 nascem com o status indubit\u00e1vel de hino, tamanho o poderio desprendido? Pois \u00e9, esse \u00e9 o caso dessa preciosidade!<\/p>\n\n\n\n<p>Ali\u00e1s, IMPOSS\u00cdVEL destacar can\u00e7\u00e3o no caso de uma obra-prima como &#8220;Late night Good night&#8221;, que fatalmente encaminhar\u00e1 seu nome para os recantos mais in\u00f3spitos do planeta, porque realmente \u00e9 um disco que exaure personalidade pelos poros, denotando a grande identidade art\u00edstica que se prop\u00f5e. SENSACIONAL! Disponibilizado abaixo, a obra-prima de Georg \u00d3skar:\u00a0<\/p>\n\n\n\n<figure class=\"wp-block-embed is-type-rich is-provider-spotify wp-block-embed-spotify wp-embed-aspect-21-9 wp-has-aspect-ratio\"><div class=\"wp-block-embed__wrapper\">\n<iframe title=\"Spotify Embed: Worst Wait of Our Life\" style=\"border-radius: 12px\" width=\"100%\" height=\"352\" frameborder=\"0\" allowfullscreen allow=\"autoplay; clipboard-write; encrypted-media; fullscreen; picture-in-picture\" loading=\"lazy\" src=\"https:\/\/open.spotify.com\/embed\/album\/2zYkFZK6w6TPoSYousj1ya?si=ZWlKNo7ARfC_IC_qyfBaPw&#038;nd=1&#038;utm_source=oembed\"><\/iframe>\n<\/div><\/figure>\n\n\n\n<p><a href=\"https:\/\/www.georgoskar.com\">https:\/\/www.georgoskar.com<\/a><br><a href=\"https:\/\/youtube.com\/@Georgoskarmusic\">https:\/\/youtube.com\/@Georgoskarmusic<\/a><br><a href=\"https:\/\/www.instagram.com\/georg_oskar\">https:\/\/www.instagram.com\/georg_oskar<\/a><\/p>\n","protected":false},"excerpt":{"rendered":"<p>Georg \u00d3skar \u00e9 um dos artistas mais proeminentes, completos e multi-facetados surgido nos \u00faltimos tempos! Nascido na Isl\u00e2ndia e radicado em Oslo, sua forma\u00e7\u00e3o em Belas Artes (na&nbsp;prestigiosa Akureyri School of Visual Arts do pa\u00eds de origem), acarretou diretamente no talento das composi\u00e7\u00f5es, onde o permeio abstrato se faz presente em sua onipresen\u00e7a experimental. A [&hellip;]<\/p>\n","protected":false},"author":6,"featured_media":5313,"comment_status":"open","ping_status":"open","sticky":false,"template":"","format":"standard","meta":{"footnotes":""},"categories":[25,20],"tags":[1222,275,1223],"class_list":["post-5311","post","type-post","status-publish","format-standard","has-post-thumbnail","hentry","category-destaque","category-noticias","tag-late-night-good-night","tag-alternative-music-2","tag-georg-oskar"],"views":89,"_links":{"self":[{"href":"https:\/\/musicforall.com.br\/site2024\/wp-json\/wp\/v2\/posts\/5311","targetHints":{"allow":["GET"]}}],"collection":[{"href":"https:\/\/musicforall.com.br\/site2024\/wp-json\/wp\/v2\/posts"}],"about":[{"href":"https:\/\/musicforall.com.br\/site2024\/wp-json\/wp\/v2\/types\/post"}],"author":[{"embeddable":true,"href":"https:\/\/musicforall.com.br\/site2024\/wp-json\/wp\/v2\/users\/6"}],"replies":[{"embeddable":true,"href":"https:\/\/musicforall.com.br\/site2024\/wp-json\/wp\/v2\/comments?post=5311"}],"version-history":[{"count":3,"href":"https:\/\/musicforall.com.br\/site2024\/wp-json\/wp\/v2\/posts\/5311\/revisions"}],"predecessor-version":[{"id":5318,"href":"https:\/\/musicforall.com.br\/site2024\/wp-json\/wp\/v2\/posts\/5311\/revisions\/5318"}],"wp:featuredmedia":[{"embeddable":true,"href":"https:\/\/musicforall.com.br\/site2024\/wp-json\/wp\/v2\/media\/5313"}],"wp:attachment":[{"href":"https:\/\/musicforall.com.br\/site2024\/wp-json\/wp\/v2\/media?parent=5311"}],"wp:term":[{"taxonomy":"category","embeddable":true,"href":"https:\/\/musicforall.com.br\/site2024\/wp-json\/wp\/v2\/categories?post=5311"},{"taxonomy":"post_tag","embeddable":true,"href":"https:\/\/musicforall.com.br\/site2024\/wp-json\/wp\/v2\/tags?post=5311"}],"curies":[{"name":"wp","href":"https:\/\/api.w.org\/{rel}","templated":true}]}}