{"id":3494,"date":"2022-12-12T11:55:48","date_gmt":"2022-12-12T14:55:48","guid":{"rendered":"https:\/\/musicforall.com.br\/?p=3494"},"modified":"2022-12-12T12:01:53","modified_gmt":"2022-12-12T15:01:53","slug":"rheum-alimenta-a-liberdade-com-o-single-on-and-on","status":"publish","type":"post","link":"https:\/\/musicforall.com.br\/site2024\/rheum-alimenta-a-liberdade-com-o-single-on-and-on\/","title":{"rendered":"Rheum, alimenta a liberdade com o single \u201cOn and On\u201d"},"content":{"rendered":"\n<p><strong>Rheum<\/strong>, \u00e9 o nome do projeto musical dos irm\u00e3os Henrik Pitzner Liljegren e Lars Arends Damgaard, e seu maravilho single \u201c<strong>On and On<\/strong>\u201d, \u00e9 o segundo do \u00e1lbum de estreia \u201cCassettes\u201d, com previs\u00e3o de lan\u00e7amento em 2023 na primavera da Dinamarca.<\/p>\n\n\n\n<p>Uma mistura de Synth Pop, Indie Rock, EDM e House, inebriar\u00e1 a percep\u00e7\u00e3o e ati\u00e7ar\u00e1 seus sentidos para as surpresas que o \u00e1lbum promete.<\/p>\n\n\n\n<figure class=\"wp-block-image size-large\"><img fetchpriority=\"high\" decoding=\"async\" width=\"1024\" height=\"597\" src=\"https:\/\/musicforall.com.br\/site2024\/wp-content\/uploads\/2022\/12\/Rheum2-1024x597.jpeg\" alt=\"\" class=\"wp-image-3496\" srcset=\"https:\/\/musicforall.com.br\/site2024\/wp-content\/uploads\/2022\/12\/Rheum2-1024x597.jpeg 1024w, https:\/\/musicforall.com.br\/site2024\/wp-content\/uploads\/2022\/12\/Rheum2-300x175.jpeg 300w, https:\/\/musicforall.com.br\/site2024\/wp-content\/uploads\/2022\/12\/Rheum2-768x448.jpeg 768w, https:\/\/musicforall.com.br\/site2024\/wp-content\/uploads\/2022\/12\/Rheum2.jpeg 1280w\" sizes=\"(max-width: 1024px) 100vw, 1024px\" \/><figcaption class=\"wp-element-caption\">Cr\u00e9dito Fotogr\u00e1fico: Mads Fisker<\/figcaption><\/figure>\n\n\n\n<p>O som energ\u00e9tico e familiar recheado de tons que utilizam arranjos fant\u00e1sticos e bem estruturados de 808s, Sinos e Realejo, al\u00e9m de contar com irresist\u00edveis timbres vocais que tornam a experi\u00eancia m\u00e1gica.<\/p>\n\n\n\n<p>Enquanto os versos trabalham o conceito do \u201csil\u00eancio\u201d ser, muitas vezes, a melhor maneira de comunicar o t\u00e9rmino de um cap\u00edtulo com algu\u00e9m, quando n\u00e3o se tem mais palavras para argumentar com aquele, que n\u00e3o sabe, e n\u00e3o quer, ouvir.<\/p>\n\n\n\n<p>O fim, \u00e9 sempre um misto de sensa\u00e7\u00f5es, que podem ser oscilantes entre raiva, tristeza e al\u00edvio, dentre tantos outros, derivados do tipo de situa\u00e7\u00e3o, e esse single \u00e9 a vitalidade para tomar a decis\u00e3o certa e abrir os caminhos para um amanh\u00e3 em paz.<\/p>\n\n\n\n<p>\u201c<strong>On and On<\/strong>\u201d, um energ\u00e9tico ponto de respira\u00e7\u00e3o para alma se libertar, e o corpo dan\u00e7ar o contentamento vindo da esperan\u00e7a.<\/p>\n\n\n\n<figure class=\"wp-block-embed is-type-rich is-provider-spotify wp-block-embed-spotify wp-embed-aspect-21-9 wp-has-aspect-ratio\"><div class=\"wp-block-embed__wrapper\">\n<iframe title=\"Spotify Embed: On and On\" style=\"border-radius: 12px\" width=\"100%\" height=\"152\" frameborder=\"0\" allowfullscreen allow=\"autoplay; clipboard-write; encrypted-media; fullscreen; picture-in-picture\" loading=\"lazy\" src=\"https:\/\/open.spotify.com\/embed\/track\/6ujNtHIfjSBtXUtd9WOe2R?si=3e5e21b18c034e3b&#038;utm_source=oembed\"><\/iframe>\n<\/div><\/figure>\n\n\n\n<p>Redes Sociais<\/p>\n\n\n\n<p><a href=\"https:\/\/www.instagram.com\/rheum.music\/\">https:\/\/www.instagram.com\/rheum.music\/<\/a><\/p>\n\n\n\n<p><a href=\"https:\/\/www.facebook.com\/Rheum.Music\/\">https:\/\/www.facebook.com\/Rheum.Music\/<\/a><\/p>\n\n\n\n<p class=\"wp-embed-aspect-21-9 wp-has-aspect-ratio\"><a href=\"https:\/\/open.spotify.com\/artist\/2mi5gmdT2mLKIwNqxvlAJJ?si=8-nNPxG2QVSVFIC4ODpjkw\">https:\/\/open.spotify.com\/artist\/2mi5gmdT2mLKIwNqxvlAJJ?si=8-nNPxG2QVSVFIC4ODpjkw<\/a><\/p>\n","protected":false},"excerpt":{"rendered":"<p>Rheum, \u00e9 o nome do projeto musical dos irm\u00e3os Henrik Pitzner Liljegren e Lars Arends Damgaard, e seu maravilho single \u201cOn and On\u201d, \u00e9 o segundo do \u00e1lbum de estreia \u201cCassettes\u201d, com previs\u00e3o de lan\u00e7amento em 2023 na primavera da Dinamarca. Uma mistura de Synth Pop, Indie Rock, EDM e House, inebriar\u00e1 a percep\u00e7\u00e3o e [&hellip;]<\/p>\n","protected":false},"author":3,"featured_media":3495,"comment_status":"open","ping_status":"open","sticky":false,"template":"","format":"standard","meta":{"footnotes":""},"categories":[25,22,24,27,20],"tags":[47,835,851,170],"class_list":["post-3494","post","type-post","status-publish","format-standard","has-post-thumbnail","hentry","category-destaque","category-indie","category-internacional","category-musicas","category-noticias","tag-indie-rock","tag-indietronic","tag-rheum","tag-synth-pop"],"views":68,"_links":{"self":[{"href":"https:\/\/musicforall.com.br\/site2024\/wp-json\/wp\/v2\/posts\/3494","targetHints":{"allow":["GET"]}}],"collection":[{"href":"https:\/\/musicforall.com.br\/site2024\/wp-json\/wp\/v2\/posts"}],"about":[{"href":"https:\/\/musicforall.com.br\/site2024\/wp-json\/wp\/v2\/types\/post"}],"author":[{"embeddable":true,"href":"https:\/\/musicforall.com.br\/site2024\/wp-json\/wp\/v2\/users\/3"}],"replies":[{"embeddable":true,"href":"https:\/\/musicforall.com.br\/site2024\/wp-json\/wp\/v2\/comments?post=3494"}],"version-history":[{"count":2,"href":"https:\/\/musicforall.com.br\/site2024\/wp-json\/wp\/v2\/posts\/3494\/revisions"}],"predecessor-version":[{"id":3498,"href":"https:\/\/musicforall.com.br\/site2024\/wp-json\/wp\/v2\/posts\/3494\/revisions\/3498"}],"wp:featuredmedia":[{"embeddable":true,"href":"https:\/\/musicforall.com.br\/site2024\/wp-json\/wp\/v2\/media\/3495"}],"wp:attachment":[{"href":"https:\/\/musicforall.com.br\/site2024\/wp-json\/wp\/v2\/media?parent=3494"}],"wp:term":[{"taxonomy":"category","embeddable":true,"href":"https:\/\/musicforall.com.br\/site2024\/wp-json\/wp\/v2\/categories?post=3494"},{"taxonomy":"post_tag","embeddable":true,"href":"https:\/\/musicforall.com.br\/site2024\/wp-json\/wp\/v2\/tags?post=3494"}],"curies":[{"name":"wp","href":"https:\/\/api.w.org\/{rel}","templated":true}]}}