{"id":301,"date":"2022-09-21T13:51:45","date_gmt":"2022-09-21T16:51:45","guid":{"rendered":"https:\/\/musicforall.com.br\/?p=301"},"modified":"2022-09-21T13:51:46","modified_gmt":"2022-09-21T16:51:46","slug":"the-waeve-anuncia-album-de-estreia","status":"publish","type":"post","link":"https:\/\/musicforall.com.br\/site2024\/the-waeve-anuncia-album-de-estreia\/","title":{"rendered":"The WAEVE anuncia \u00e1lbum de estreia"},"content":{"rendered":"\n<p><strong>The WAEVE<\/strong>\u00a0&#8211; composto por\u00a0<strong>Graham Coxon<\/strong>\u00a0e\u00a0<strong>Rose Elinor Dougall<\/strong>\u00a0\u2013 anunciou seu \u00e1lbum de estreia ep\u00f4nimo dispon\u00edvel dia 3 de fevereiro de 2023 pelo selo Transgressive Records.\u00a0<\/p>\n\n\n\n<figure class=\"wp-block-embed is-type-video is-provider-youtube wp-block-embed-youtube wp-embed-aspect-16-9 wp-has-aspect-ratio\"><div class=\"wp-block-embed__wrapper\">\n<iframe title=\"The WAEVE - Can I Call You (Official Video)\" width=\"800\" height=\"450\" src=\"https:\/\/www.youtube.com\/embed\/9AVtNq2hmNw?feature=oembed\" frameborder=\"0\" allow=\"accelerometer; autoplay; clipboard-write; encrypted-media; gyroscope; picture-in-picture; web-share\" referrerpolicy=\"strict-origin-when-cross-origin\" allowfullscreen><\/iframe>\n<\/div><\/figure>\n\n\n\n<p>O primeiro single &#8216;Can I Call You&#8217; j\u00e1 est\u00e1 dispon\u00edvel.&nbsp;<a href=\"https:\/\/thewaeve.ffm.to\/canicallyou\" target=\"_blank\" rel=\"noreferrer noopener\">Ou\u00e7a aqui&nbsp;<\/a>. O v\u00eddeo \u00e9 dirigido por David J. East, o primeiro de uma s\u00e9rie de v\u00eddeos que ele fez com a banda para este projeto.&nbsp;<a href=\"https:\/\/youtu.be\/9AVtNq2hmNw\" target=\"_blank\" rel=\"noreferrer noopener\">Veja aqui&nbsp;<\/a>.&nbsp;<\/p>\n\n\n\n<p>Produzido por The WAEVE e James Ford (Arctic Monkeys, Florence &amp; The Machine, Foals, HAIM) e gravado em Londres no in\u00edcio deste ano, &#8216;The WAEVE&#8217; \u00e9 um \u00e1lbum de 10 novas faixas dos compositores Graham Coxon e Rose Elinor Dougall. A uni\u00e3o de for\u00e7as criativas em &#8220;The WAEVE&#8221; deu \u00e0 dupla a oportunidade de ultrapassar suas zonas de conforto instrumental. Muitas faixas apresentam Graham no saxofone, um dos primeiros instrumentos que ele tocou como um jovem m\u00fasico nos anos 80. O primeiro single &#8220;Can I Call You&#8221; come\u00e7a como uma balada e depois se transforma em um n\u00famero estilo krautrock com um solo de guitarra de Coxon em expans\u00e3o. O &#8216;All Along&#8217; apresenta Graham no cistre, um ala\u00fade folcl\u00f3rico medieval. Rose toca piano e um sintetizador modular ARP 2000. O tempo pesado em todo o &#8216;The WAEVE&#8217; lembra o rock folcl\u00f3rico e borrascoso de Sandy Denny ou John &amp; Beverly Martyn, enquanto faixas como &#8216;Kill Me Again&#8217; e &#8216;Over and Over&#8217; lembram o rock dos anos 70 de Kevin Ayers ou Van der Graaf Generator, quase industrial.&nbsp;<\/p>\n\n\n\n<p>A banda estrear\u00e1 o \u00e1lbum ao vivo com um show no <strong>Lafayette London<\/strong>\u00a0no dia 27 de mar\u00e7o de 2023.\u00a0<\/p>\n","protected":false},"excerpt":{"rendered":"<p>The WAEVE\u00a0&#8211; composto por\u00a0Graham Coxon\u00a0e\u00a0Rose Elinor Dougall\u00a0\u2013 anunciou seu \u00e1lbum de estreia ep\u00f4nimo dispon\u00edvel dia 3 de fevereiro de 2023 pelo selo Transgressive Records.\u00a0 O primeiro single &#8216;Can I Call You&#8217; j\u00e1 est\u00e1 dispon\u00edvel.&nbsp;Ou\u00e7a aqui&nbsp;. O v\u00eddeo \u00e9 dirigido por David J. East, o primeiro de uma s\u00e9rie de v\u00eddeos que ele fez com a [&hellip;]<\/p>\n","protected":false},"author":8,"featured_media":302,"comment_status":"open","ping_status":"open","sticky":false,"template":"","format":"standard","meta":{"footnotes":""},"categories":[20],"tags":[88],"class_list":["post-301","post","type-post","status-publish","format-standard","has-post-thumbnail","hentry","category-noticias","tag-indie-folk"],"views":82,"_links":{"self":[{"href":"https:\/\/musicforall.com.br\/site2024\/wp-json\/wp\/v2\/posts\/301","targetHints":{"allow":["GET"]}}],"collection":[{"href":"https:\/\/musicforall.com.br\/site2024\/wp-json\/wp\/v2\/posts"}],"about":[{"href":"https:\/\/musicforall.com.br\/site2024\/wp-json\/wp\/v2\/types\/post"}],"author":[{"embeddable":true,"href":"https:\/\/musicforall.com.br\/site2024\/wp-json\/wp\/v2\/users\/8"}],"replies":[{"embeddable":true,"href":"https:\/\/musicforall.com.br\/site2024\/wp-json\/wp\/v2\/comments?post=301"}],"version-history":[{"count":1,"href":"https:\/\/musicforall.com.br\/site2024\/wp-json\/wp\/v2\/posts\/301\/revisions"}],"predecessor-version":[{"id":303,"href":"https:\/\/musicforall.com.br\/site2024\/wp-json\/wp\/v2\/posts\/301\/revisions\/303"}],"wp:featuredmedia":[{"embeddable":true,"href":"https:\/\/musicforall.com.br\/site2024\/wp-json\/wp\/v2\/media\/302"}],"wp:attachment":[{"href":"https:\/\/musicforall.com.br\/site2024\/wp-json\/wp\/v2\/media?parent=301"}],"wp:term":[{"taxonomy":"category","embeddable":true,"href":"https:\/\/musicforall.com.br\/site2024\/wp-json\/wp\/v2\/categories?post=301"},{"taxonomy":"post_tag","embeddable":true,"href":"https:\/\/musicforall.com.br\/site2024\/wp-json\/wp\/v2\/tags?post=301"}],"curies":[{"name":"wp","href":"https:\/\/api.w.org\/{rel}","templated":true}]}}