{"id":2800,"date":"2022-11-29T21:34:37","date_gmt":"2022-11-30T00:34:37","guid":{"rendered":"https:\/\/musicforall.com.br\/?p=2800"},"modified":"2022-11-29T21:36:55","modified_gmt":"2022-11-30T00:36:55","slug":"maria-weissman-lanca-terceiro-clipe-de-seu-novo-ep","status":"publish","type":"post","link":"https:\/\/musicforall.com.br\/site2024\/maria-weissman-lanca-terceiro-clipe-de-seu-novo-ep\/","title":{"rendered":"Maria Weissman lan\u00e7a terceiro clipe de seu novo EP"},"content":{"rendered":"\n<p>Maria Weissman tem apostado alto no audiovisual obtendo \u00f3timos resultados com suas bel\u00edssimas can\u00e7\u00f5es. Mostrando seu talento na m\u00fasica, atuando e dirigindo seu trabalho, ela tem encantado o cen\u00e1rio independente, oferecendo trabalhos que s\u00e3o simples e pomposos ao mesmo tempo, entregam o necess\u00e1rio e mostram que se complementam.<\/p>\n\n\n\n<p>\u201cFragments\u201d \u00e9 o seu terceiro trabalho neste formato, e est\u00e1 em seu novo EP, \u201cBad\u201d, j\u00e1 dispon\u00edvel nas plataformas digitais. E como Maria se sai bem tanto no clipe, quanto na m\u00fasica oferecida. Primeiro, temos uma can\u00e7\u00e3o pop, com grandes flertes com o jazz e a m\u00fasica erudita. Um piano conduz as bases acompanhado por um viol\u00e3o dedilhado, enquanto um cello faz o grave, dando toda a vibra\u00e7\u00e3o necess\u00e1ria.<\/p>\n\n\n\n<p>Maria coloca sua voz com toda versatilidade que lhe \u00e9 peculiar, onde ela mostra um vocal l\u00edrico nas partes mais en\u00e9rgicas, sussurra em certos versos e em outros o imp\u00f5e com naturalidade.<\/p>\n\n\n\n<p>O clipe foi gravado na Calif\u00f3rnia (EUA) e Su\u00ed\u00e7a, e contou com dire\u00e7\u00e3o da pr\u00f3pria artista. Belezas distintas, com atua\u00e7\u00e3o da pr\u00f3pria Maria em leves performances de dan\u00e7a, mostram uma sintonia perfeita do v\u00eddeo com a can\u00e7\u00e3o. Essa \u00e9 uma artista que merece aten\u00e7\u00e3o de qualquer um que goste de boa m\u00fasica!<\/p>\n\n\n\n<figure class=\"wp-block-embed is-type-video is-provider-youtube wp-block-embed-youtube wp-embed-aspect-16-9 wp-has-aspect-ratio\"><div class=\"wp-block-embed__wrapper\">\n<iframe title=\"Fragments (Official Music Video)\" width=\"800\" height=\"450\" src=\"https:\/\/www.youtube.com\/embed\/M4FrufcZJh0?feature=oembed\" frameborder=\"0\" allow=\"accelerometer; autoplay; clipboard-write; encrypted-media; gyroscope; picture-in-picture; web-share\" referrerpolicy=\"strict-origin-when-cross-origin\" allowfullscreen><\/iframe>\n<\/div><\/figure>\n\n\n\n<p><a href=\"https:\/\/mariaweissmanmusic.com\">https:\/\/mariaweissmanmusic.com<\/a><\/p>\n\n\n\n<p><a href=\"https:\/\/www.facebook.com\/mariaweissmanmusic\">https:\/\/www.facebook.com\/mariaweissmanmusic<\/a><\/p>\n\n\n\n<p><a href=\"https:\/\/mariaweissman.bandcamp.com\/releases\">https:\/\/mariaweissman.bandcamp.com\/releases<\/a><\/p>\n\n\n\n<p class=\"wp-embed-aspect-16-9 wp-has-aspect-ratio\"><a href=\"https:\/\/www.youtube.com\/watch?v=zicZfldhQ9U\">https:\/\/www.youtube.com\/watch?v=zicZfldhQ9U<\/a><\/p>\n\n\n\n<p><a href=\"https:\/\/www.instagram.com\/mariaweissmanmusic\/\">https:\/\/www.instagram.com\/mariaweissmanmusic\/<\/a> <a href=\"https:\/\/twitter.com\/mariaweissman\">https:\/\/twitter.com\/mariaweissman<\/a><\/p>\n","protected":false},"excerpt":{"rendered":"<p>Maria Weissman tem apostado alto no audiovisual obtendo \u00f3timos resultados com suas bel\u00edssimas can\u00e7\u00f5es. Mostrando seu talento na m\u00fasica, atuando e dirigindo seu trabalho, ela tem encantado o cen\u00e1rio independente, oferecendo trabalhos que s\u00e3o simples e pomposos ao mesmo tempo, entregam o necess\u00e1rio e mostram que se complementam. \u201cFragments\u201d \u00e9 o seu terceiro trabalho neste [&hellip;]<\/p>\n","protected":false},"author":5,"featured_media":2802,"comment_status":"open","ping_status":"open","sticky":false,"template":"","format":"standard","meta":{"footnotes":""},"categories":[25,24,20],"tags":[720,30,50],"class_list":["post-2800","post","type-post","status-publish","format-standard","has-post-thumbnail","hentry","category-destaque","category-internacional","category-noticias","tag-erudito","tag-jazz","tag-pop"],"views":191,"_links":{"self":[{"href":"https:\/\/musicforall.com.br\/site2024\/wp-json\/wp\/v2\/posts\/2800","targetHints":{"allow":["GET"]}}],"collection":[{"href":"https:\/\/musicforall.com.br\/site2024\/wp-json\/wp\/v2\/posts"}],"about":[{"href":"https:\/\/musicforall.com.br\/site2024\/wp-json\/wp\/v2\/types\/post"}],"author":[{"embeddable":true,"href":"https:\/\/musicforall.com.br\/site2024\/wp-json\/wp\/v2\/users\/5"}],"replies":[{"embeddable":true,"href":"https:\/\/musicforall.com.br\/site2024\/wp-json\/wp\/v2\/comments?post=2800"}],"version-history":[{"count":1,"href":"https:\/\/musicforall.com.br\/site2024\/wp-json\/wp\/v2\/posts\/2800\/revisions"}],"predecessor-version":[{"id":2801,"href":"https:\/\/musicforall.com.br\/site2024\/wp-json\/wp\/v2\/posts\/2800\/revisions\/2801"}],"wp:featuredmedia":[{"embeddable":true,"href":"https:\/\/musicforall.com.br\/site2024\/wp-json\/wp\/v2\/media\/2802"}],"wp:attachment":[{"href":"https:\/\/musicforall.com.br\/site2024\/wp-json\/wp\/v2\/media?parent=2800"}],"wp:term":[{"taxonomy":"category","embeddable":true,"href":"https:\/\/musicforall.com.br\/site2024\/wp-json\/wp\/v2\/categories?post=2800"},{"taxonomy":"post_tag","embeddable":true,"href":"https:\/\/musicforall.com.br\/site2024\/wp-json\/wp\/v2\/tags?post=2800"}],"curies":[{"name":"wp","href":"https:\/\/api.w.org\/{rel}","templated":true}]}}