{"id":2224,"date":"2022-11-11T10:42:30","date_gmt":"2022-11-11T13:42:30","guid":{"rendered":"https:\/\/musicforall.com.br\/?p=2224"},"modified":"2022-11-11T14:06:26","modified_gmt":"2022-11-11T17:06:26","slug":"com-video-cheio-de-referencias-artisticas-skar-de-line-lanca-novo-clipe","status":"publish","type":"post","link":"https:\/\/musicforall.com.br\/site2024\/com-video-cheio-de-referencias-artisticas-skar-de-line-lanca-novo-clipe\/","title":{"rendered":"Com v\u00eddeo cheio de refer\u00eancias art\u00edsticas, Skar de Line lan\u00e7a novo clipe"},"content":{"rendered":"\n<p>N\u00e3o \u00e9 de hoje que a m\u00fasica cl\u00e1ssica habitua a melodia de v\u00e1rios g\u00eaneros e subg\u00eaneros. Isso n\u00e3o \u00e9 diferente na m\u00fasica eletr\u00f4nica, e o Skar de Line at\u00e9 assume essas influ\u00eancias. Sempre incrementando partes orquestrais \u00e0s suas can\u00e7\u00f5es, que soam como um dance sinf\u00f4nico de tirar o f\u00f4lego.<\/p>\n\n\n\n<p>Sua nova faixa, \u201cNo Eyes In Paradise\u201d, traz doses extras desses elementos, com arranjos explosivos, uma batida concisa, gerando uma m\u00fasica en\u00e9rgica e explosiva, com um ar \u00e9pico que a torna grandiosa. N\u00e3o se contentando com os instrumentos, o artista ainda inclui corais para enriquecer ainda mais a can\u00e7\u00e3o.<\/p>\n\n\n\n<p>Sua voz segue o contexto en\u00e9rgico, mostrando afina\u00e7\u00e3o e equil\u00edbrio impressionantes, enquanto ele destila uma letra contestadora, baseada em conceitos niilistas. Nela, questiona-se valores, dedica\u00e7\u00e3o e o reconhecimento. Apesar de agressiva e realista, serve como um empurr\u00e3o para que lutemos na vida.<\/p>\n\n\n\n<p>Vinda embalada em um clipe, \u201cNo Eyes In Paradise\u201d chega em um v\u00eddeo detalhado, com fotografia e cen\u00e1rios encantadores, cheio de refer\u00eancias dentro das artes pl\u00e1sticas, de pinturas de renomados artistas como Leonardo Da Vinci, Raphael e Caravaggio. Mas \u00e9 melhor assistir e descobrir por si s\u00f3, sen\u00e3o l\u00e1 se vai a surpresa. Magn\u00edfico! O videoclipe estreia na pr\u00f3xima quinta-feira, dia 17 de novembro.<\/p>\n\n\n\n<figure class=\"wp-block-embed is-type-rich is-provider-spotify wp-block-embed-spotify wp-embed-aspect-21-9 wp-has-aspect-ratio\"><div class=\"wp-block-embed__wrapper\">\n<iframe title=\"Spotify Embed: No Eyes In Paradise\" style=\"border-radius: 12px\" width=\"100%\" height=\"352\" frameborder=\"0\" allowfullscreen allow=\"autoplay; clipboard-write; encrypted-media; fullscreen; picture-in-picture\" loading=\"lazy\" src=\"https:\/\/open.spotify.com\/embed\/album\/3hDr6ZnUq5giHXgA5Rg0Tm?si=Y_TUefQ6Sd6uW3kY8pY8bw&#038;utm_source=oembed\"><\/iframe>\n<\/div><\/figure>\n\n\n\n<p><a href=\"https:\/\/www.skardeline.com\/\">https:\/\/www.skardeline.com\/<\/a><\/p>\n\n\n\n<p><a href=\"https:\/\/www.facebook.com\/skardeline\">https:\/\/www.facebook.com\/skardeline<\/a><\/p>\n\n\n\n<p><a href=\"https:\/\/twitter.com\/SkardeLine\">https:\/\/twitter.com\/SkardeLine<\/a><\/p>\n\n\n\n<p class=\"wp-embed-aspect-21-9 wp-has-aspect-ratio\"><a href=\"https:\/\/open.spotify.com\/artist\/3GxHycEB1HUSAUFc3YNzW4?si=sqY_rj41RIqUmNPzsSb3Bw\">https:\/\/open.spotify.com\/artist\/3GxHycEB1HUSAUFc3YNzW4?si=sqY_rj41RIqUmNPzsSb3Bw<\/a><\/p>\n\n\n\n<p class=\"wp-embed-aspect-4-3 wp-has-aspect-ratio\"><a href=\"https:\/\/soundcloud.com\/skardeline\">https:\/\/soundcloud.com\/skardeline<\/a><\/p>\n\n\n\n<p><a href=\"https:\/\/www.youtube.com\/channel\/UCS-orLXgrnWa8N4fQc3g1fQ?view_as=subscriber\">https:\/\/www.youtube.com\/channel\/UCS-orLXgrnWa8N4fQc3g1fQ?view_as=subscriber<\/a><\/p>\n\n\n\n<p><a href=\"https:\/\/www.instagram.com\/skardeline\/\">https:\/\/www.instagram.com\/skardeline\/<\/a><\/p>\n\n\n\n<p><a href=\"https:\/\/vm.tiktok.com\/ZMLpnsYfy\/\">https:\/\/vm.tiktok.com\/ZMLpnsYfy\/<\/a><\/p>\n","protected":false},"excerpt":{"rendered":"<p>N\u00e3o \u00e9 de hoje que a m\u00fasica cl\u00e1ssica habitua a melodia de v\u00e1rios g\u00eaneros e subg\u00eaneros. Isso n\u00e3o \u00e9 diferente na m\u00fasica eletr\u00f4nica, e o Skar de Line at\u00e9 assume essas influ\u00eancias. Sempre incrementando partes orquestrais \u00e0s suas can\u00e7\u00f5es, que soam como um dance sinf\u00f4nico de tirar o f\u00f4lego. Sua nova faixa, \u201cNo Eyes In [&hellip;]<\/p>\n","protected":false},"author":5,"featured_media":2225,"comment_status":"open","ping_status":"open","sticky":false,"template":"","format":"standard","meta":{"footnotes":""},"categories":[25,24,20],"tags":[36,50],"class_list":["post-2224","post","type-post","status-publish","format-standard","has-post-thumbnail","hentry","category-destaque","category-internacional","category-noticias","tag-dance","tag-pop"],"views":320,"_links":{"self":[{"href":"https:\/\/musicforall.com.br\/site2024\/wp-json\/wp\/v2\/posts\/2224","targetHints":{"allow":["GET"]}}],"collection":[{"href":"https:\/\/musicforall.com.br\/site2024\/wp-json\/wp\/v2\/posts"}],"about":[{"href":"https:\/\/musicforall.com.br\/site2024\/wp-json\/wp\/v2\/types\/post"}],"author":[{"embeddable":true,"href":"https:\/\/musicforall.com.br\/site2024\/wp-json\/wp\/v2\/users\/5"}],"replies":[{"embeddable":true,"href":"https:\/\/musicforall.com.br\/site2024\/wp-json\/wp\/v2\/comments?post=2224"}],"version-history":[{"count":2,"href":"https:\/\/musicforall.com.br\/site2024\/wp-json\/wp\/v2\/posts\/2224\/revisions"}],"predecessor-version":[{"id":2255,"href":"https:\/\/musicforall.com.br\/site2024\/wp-json\/wp\/v2\/posts\/2224\/revisions\/2255"}],"wp:featuredmedia":[{"embeddable":true,"href":"https:\/\/musicforall.com.br\/site2024\/wp-json\/wp\/v2\/media\/2225"}],"wp:attachment":[{"href":"https:\/\/musicforall.com.br\/site2024\/wp-json\/wp\/v2\/media?parent=2224"}],"wp:term":[{"taxonomy":"category","embeddable":true,"href":"https:\/\/musicforall.com.br\/site2024\/wp-json\/wp\/v2\/categories?post=2224"},{"taxonomy":"post_tag","embeddable":true,"href":"https:\/\/musicforall.com.br\/site2024\/wp-json\/wp\/v2\/tags?post=2224"}],"curies":[{"name":"wp","href":"https:\/\/api.w.org\/{rel}","templated":true}]}}