{"id":14024,"date":"2023-08-08T16:04:25","date_gmt":"2023-08-08T19:04:25","guid":{"rendered":"https:\/\/musicforall.com.br\/?p=14024"},"modified":"2023-08-08T16:04:25","modified_gmt":"2023-08-08T19:04:25","slug":"guerra-a-2-de-memoria-delefante-um-hit-que-emana-um-pulso-de-libertacao-sensorial","status":"publish","type":"post","link":"https:\/\/musicforall.com.br\/site2024\/guerra-a-2-de-memoria-delefante-um-hit-que-emana-um-pulso-de-libertacao-sensorial\/","title":{"rendered":"\u201cGuerra a 2\u201d de MEMORIA D&#8217;ELEFANTE um hit que emana um pulso de liberta\u00e7\u00e3o sensorial"},"content":{"rendered":"\n<p>Pulsando em energia e intensidade, o single \u201c<strong>Guerra a 2<\/strong>\u201d se espalha pela percep\u00e7\u00e3o indicando arestas do tempo espa\u00e7o, em uma condu\u00e7\u00e3o solene e revigorante do talento de<strong> MEMORIA D&#8217;ELEFANTE<\/strong>, uma marca que mistura v\u00e1rios estilos de rock.<\/p>\n\n\n\n<p>A composi\u00e7\u00e3o instrumental, oscila em diferentes formas de explorar as cores do g\u00eanero, utilizando-se de correntes eletr\u00f4nicas e batidas robustas que prendem os sentidos em um frenesi sensorial imposs\u00edvel de se desvincular, especialmente por instigar a imagina\u00e7\u00e3o de forma primorosa.<\/p>\n\n\n\n<p>Os cen\u00e1rios constru\u00eddos em nossa mente, s\u00e3o surreais e intensos, podendo despertar o desejo por um jogo de a\u00e7\u00e3o, enquanto pincelam a necessidade ter uma companhia para realizar essa a\u00e7\u00e3o, pois a const\u00e2ncia r\u00edtmica imprime uma necessidade de conex\u00e3o e libera\u00e7\u00e3o de energia.<\/p>\n\n\n\n<p>Perfeito para a trilha sonora de uma mente que est\u00e1 em erup\u00e7\u00e3o, permitindo que os neur\u00f4nios extravasem as emo\u00e7\u00f5es negativas e abram espa\u00e7o para o frescor de uma nova era se mostrar.<\/p>\n\n\n\n<p>Seja em uma partida virtual ou para encarar os desafios do mundo real, essa composi\u00e7\u00e3o possui a dose certa de for\u00e7a sin\u00e9rgica para te manter ativo por muito tempo.<\/p>\n\n\n\n<p>\u201c<strong>Guerra a 2<\/strong>\u201d uma pulsante e revigorante amplia\u00e7\u00e3o dos sentidos naturais e cibern\u00e9ticos.<\/p>\n\n\n\n<figure class=\"wp-block-embed is-type-rich is-provider-spotify wp-block-embed-spotify wp-embed-aspect-21-9 wp-has-aspect-ratio\"><div class=\"wp-block-embed__wrapper\">\n<iframe title=\"Spotify Embed: Guerra a 2\" style=\"border-radius: 12px\" width=\"100%\" height=\"152\" frameborder=\"0\" allowfullscreen allow=\"autoplay; clipboard-write; encrypted-media; fullscreen; picture-in-picture\" loading=\"lazy\" src=\"https:\/\/open.spotify.com\/embed\/track\/7xrwbgTT4Tdum2xF0BAbgM?si=4ef11dab4c744b37&#038;utm_source=oembed\"><\/iframe>\n<\/div><\/figure>\n\n\n\n<p>Redes Sociais<\/p>\n\n\n\n<p><a href=\"https:\/\/memoriadelefante.carrd.co\/\">https:\/\/memoriadelefante.carrd.co\/<\/a><\/p>\n\n\n\n<p><a href=\"https:\/\/www.instagram.com\/memelefante2374\/\">https:\/\/www.instagram.com\/memelefante2374\/<\/a><\/p>\n\n\n\n<p><a href=\"https:\/\/www.facebook.com\/profile.php?id=100095441342444\">https:\/\/www.facebook.com\/profile.php?id=100095441342444<\/a><\/p>\n\n\n\n<p class=\"wp-embed-aspect-4-3 wp-has-aspect-ratio\"><a href=\"https:\/\/soundcloud.com\/memoriadelefante\">https:\/\/soundcloud.com\/memoriadelefante<\/a><\/p>\n\n\n\n<p><a href=\"https:\/\/www.youtube.com\/@MemD2374\">https:\/\/www.youtube.com\/@MemD2374<\/a><\/p>\n\n\n\n<p class=\"wp-embed-aspect-21-9 wp-has-aspect-ratio\"><a href=\"https:\/\/open.spotify.com\/intl-pt\/artist\/2GcXEIJi5YtsBXU72hIR9K\">https:\/\/open.spotify.com\/intl-pt\/artist\/2GcXEIJi5YtsBXU72hIR9K<\/a><\/p>\n","protected":false},"excerpt":{"rendered":"<p>Pulsando em energia e intensidade, o single \u201cGuerra a 2\u201d se espalha pela percep\u00e7\u00e3o indicando arestas do tempo espa\u00e7o, em uma condu\u00e7\u00e3o solene e revigorante do talento de MEMORIA D&#8217;ELEFANTE, uma marca que mistura v\u00e1rios estilos de rock. A composi\u00e7\u00e3o instrumental, oscila em diferentes formas de explorar as cores do g\u00eanero, utilizando-se de correntes eletr\u00f4nicas [&hellip;]<\/p>\n","protected":false},"author":3,"featured_media":14026,"comment_status":"open","ping_status":"open","sticky":false,"template":"","format":"standard","meta":{"footnotes":""},"categories":[25,24,27,20],"tags":[601,217,1655,3299,32],"class_list":["post-14024","post","type-post","status-publish","format-standard","has-post-thumbnail","hentry","category-destaque","category-internacional","category-musicas","category-noticias","tag-alt-rock","tag-alternative-music","tag-eletro-rock","tag-memoria-delefante","tag-rock"],"views":90,"_links":{"self":[{"href":"https:\/\/musicforall.com.br\/site2024\/wp-json\/wp\/v2\/posts\/14024","targetHints":{"allow":["GET"]}}],"collection":[{"href":"https:\/\/musicforall.com.br\/site2024\/wp-json\/wp\/v2\/posts"}],"about":[{"href":"https:\/\/musicforall.com.br\/site2024\/wp-json\/wp\/v2\/types\/post"}],"author":[{"embeddable":true,"href":"https:\/\/musicforall.com.br\/site2024\/wp-json\/wp\/v2\/users\/3"}],"replies":[{"embeddable":true,"href":"https:\/\/musicforall.com.br\/site2024\/wp-json\/wp\/v2\/comments?post=14024"}],"version-history":[{"count":1,"href":"https:\/\/musicforall.com.br\/site2024\/wp-json\/wp\/v2\/posts\/14024\/revisions"}],"predecessor-version":[{"id":14027,"href":"https:\/\/musicforall.com.br\/site2024\/wp-json\/wp\/v2\/posts\/14024\/revisions\/14027"}],"wp:featuredmedia":[{"embeddable":true,"href":"https:\/\/musicforall.com.br\/site2024\/wp-json\/wp\/v2\/media\/14026"}],"wp:attachment":[{"href":"https:\/\/musicforall.com.br\/site2024\/wp-json\/wp\/v2\/media?parent=14024"}],"wp:term":[{"taxonomy":"category","embeddable":true,"href":"https:\/\/musicforall.com.br\/site2024\/wp-json\/wp\/v2\/categories?post=14024"},{"taxonomy":"post_tag","embeddable":true,"href":"https:\/\/musicforall.com.br\/site2024\/wp-json\/wp\/v2\/tags?post=14024"}],"curies":[{"name":"wp","href":"https:\/\/api.w.org\/{rel}","templated":true}]}}