{"id":13038,"date":"2023-07-12T18:52:03","date_gmt":"2023-07-12T21:52:03","guid":{"rendered":"https:\/\/musicforall.com.br\/?p=13038"},"modified":"2023-07-12T18:52:04","modified_gmt":"2023-07-12T21:52:04","slug":"john-cheezan-lanca-raios-de-consciencia-com-a-musica-stand-up-for-freedom","status":"publish","type":"post","link":"https:\/\/musicforall.com.br\/site2024\/john-cheezan-lanca-raios-de-consciencia-com-a-musica-stand-up-for-freedom\/","title":{"rendered":"John Cheezan lan\u00e7a raios de consci\u00eancia com a m\u00fasica \u201cStand Up For Freedom\u201d"},"content":{"rendered":"\n<p>Emanando uma ess\u00eancia atemporal dos desejos da alma, essa composi\u00e7\u00e3o te inspira a lutar pelas verdades ocultas no meio social, te incentivando a olhar mais profundamente para as quest\u00f5es e cores que te cercam, visualizando as escolhas e consequ\u00eancias em cada a\u00e7\u00e3o.<\/p>\n\n\n\n<p>A leveza \u00e9 a agita\u00e7\u00e3o, s\u00e3o os pontos centrais da melodia, pois se espalham pela composi\u00e7\u00e3o garantindo que o tema adentre sem dificuldades em nossas linhas de pensamentos, conectando nossa exist\u00eancia com a chama da igualdade.<\/p>\n\n\n\n<figure class=\"wp-block-embed is-type-rich is-provider-spotify wp-block-embed-spotify wp-embed-aspect-21-9 wp-has-aspect-ratio\"><div class=\"wp-block-embed__wrapper\">\n<iframe title=\"Spotify Embed: Stand Up For Freedom\" style=\"border-radius: 12px\" width=\"100%\" height=\"152\" frameborder=\"0\" allowfullscreen allow=\"autoplay; clipboard-write; encrypted-media; fullscreen; picture-in-picture\" loading=\"lazy\" src=\"https:\/\/open.spotify.com\/embed\/track\/5BCCzeuFqR0GvEZqIUBBsM?si=fb9b143dc0f54d96&#038;utm_source=oembed\"><\/iframe>\n<\/div><\/figure>\n","protected":false},"excerpt":{"rendered":"<p>Emanando uma ess\u00eancia atemporal dos desejos da alma, essa composi\u00e7\u00e3o te inspira a lutar pelas verdades ocultas no meio social, te incentivando a olhar mais profundamente para as quest\u00f5es e cores que te cercam, visualizando as escolhas e consequ\u00eancias em cada a\u00e7\u00e3o. A leveza \u00e9 a agita\u00e7\u00e3o, s\u00e3o os pontos centrais da melodia, pois se [&hellip;]<\/p>\n","protected":false},"author":3,"featured_media":13039,"comment_status":"open","ping_status":"open","sticky":false,"template":"","format":"standard","meta":{"footnotes":""},"categories":[25,24,27,20],"tags":[100,132,3094],"class_list":["post-13038","post","type-post","status-publish","format-standard","has-post-thumbnail","hentry","category-destaque","category-internacional","category-musicas","category-noticias","tag-country","tag-folk","tag-john-cheezan"],"views":357,"_links":{"self":[{"href":"https:\/\/musicforall.com.br\/site2024\/wp-json\/wp\/v2\/posts\/13038","targetHints":{"allow":["GET"]}}],"collection":[{"href":"https:\/\/musicforall.com.br\/site2024\/wp-json\/wp\/v2\/posts"}],"about":[{"href":"https:\/\/musicforall.com.br\/site2024\/wp-json\/wp\/v2\/types\/post"}],"author":[{"embeddable":true,"href":"https:\/\/musicforall.com.br\/site2024\/wp-json\/wp\/v2\/users\/3"}],"replies":[{"embeddable":true,"href":"https:\/\/musicforall.com.br\/site2024\/wp-json\/wp\/v2\/comments?post=13038"}],"version-history":[{"count":1,"href":"https:\/\/musicforall.com.br\/site2024\/wp-json\/wp\/v2\/posts\/13038\/revisions"}],"predecessor-version":[{"id":13040,"href":"https:\/\/musicforall.com.br\/site2024\/wp-json\/wp\/v2\/posts\/13038\/revisions\/13040"}],"wp:featuredmedia":[{"embeddable":true,"href":"https:\/\/musicforall.com.br\/site2024\/wp-json\/wp\/v2\/media\/13039"}],"wp:attachment":[{"href":"https:\/\/musicforall.com.br\/site2024\/wp-json\/wp\/v2\/media?parent=13038"}],"wp:term":[{"taxonomy":"category","embeddable":true,"href":"https:\/\/musicforall.com.br\/site2024\/wp-json\/wp\/v2\/categories?post=13038"},{"taxonomy":"post_tag","embeddable":true,"href":"https:\/\/musicforall.com.br\/site2024\/wp-json\/wp\/v2\/tags?post=13038"}],"curies":[{"name":"wp","href":"https:\/\/api.w.org\/{rel}","templated":true}]}}