{"id":13024,"date":"2023-07-12T16:16:16","date_gmt":"2023-07-12T19:16:16","guid":{"rendered":"https:\/\/musicforall.com.br\/?p=13024"},"modified":"2023-07-12T16:16:26","modified_gmt":"2023-07-12T19:16:26","slug":"ayrton-jimenez-desponta-emocoes-na-balada-classica-ends-of-the-earth-confira","status":"publish","type":"post","link":"https:\/\/musicforall.com.br\/site2024\/ayrton-jimenez-desponta-emocoes-na-balada-classica-ends-of-the-earth-confira\/","title":{"rendered":"AYRTON JIMENEZ: desponta emo\u00e7\u00f5es na balada cl\u00e1ssica &#8220;Ends of the Earth&#8221;; confira"},"content":{"rendered":"\n<p>Preceitos intimistas e melanc\u00f3licos determinam os rumos dessa pungente balada, onde a narrativa \u00e9 devidamente abarcada pelos sublimes vocais: timbres suntuosos, feeling exasperado, doses fartas de sofreguid\u00e3o emocional e t\u00e9cnica desprendida em n\u00edveis elevad\u00edssimos! A guitarra incorre por progress\u00f5es blues que beiram as raias de uma jornada progressiva sem precedentes&#8230; Sabe aquelas can\u00e7\u00f5es que durante a sua audi\u00e7\u00e3o pressentimos o status de HINO indubit\u00e1vel? Pois \u00e9, exatamente o que temos aqui!<\/p>\n\n\n\n<p>Frente aos cl\u00e1ssicos ao longo da hist\u00f3ria que o g\u00eanero discorreu, este petardo merece figurar na mesma prateleira pela excel\u00eancia promulgada. O refr\u00e3o assertivo tem ares de arena, perfeito para ser bradado de forma entusi\u00e1stica e proporcionar diretamente um mergulho prol\u00edfero e sensorial! Estamos discorrendo perante o mais recente lan\u00e7amento em formato de single, do artista radicado em Bristol, AYRTON JIMENEZ, com a onipresente &#8220;Ends of the Earth&#8221;.<\/p>\n\n\n\n<figure class=\"wp-block-image size-large\"><img fetchpriority=\"high\" decoding=\"async\" width=\"1024\" height=\"1024\" src=\"https:\/\/musicforall.com.br\/site2024\/wp-content\/uploads\/2023\/07\/AYRTON-JIMENEZ-2-1024x1024.jpg\" alt=\"\" class=\"wp-image-13025\" srcset=\"https:\/\/musicforall.com.br\/site2024\/wp-content\/uploads\/2023\/07\/AYRTON-JIMENEZ-2-1024x1024.jpg 1024w, https:\/\/musicforall.com.br\/site2024\/wp-content\/uploads\/2023\/07\/AYRTON-JIMENEZ-2-300x300.jpg 300w, https:\/\/musicforall.com.br\/site2024\/wp-content\/uploads\/2023\/07\/AYRTON-JIMENEZ-2-150x150.jpg 150w, https:\/\/musicforall.com.br\/site2024\/wp-content\/uploads\/2023\/07\/AYRTON-JIMENEZ-2-768x768.jpg 768w, https:\/\/musicforall.com.br\/site2024\/wp-content\/uploads\/2023\/07\/AYRTON-JIMENEZ-2-1536x1536.jpg 1536w, https:\/\/musicforall.com.br\/site2024\/wp-content\/uploads\/2023\/07\/AYRTON-JIMENEZ-2.jpg 2048w\" sizes=\"(max-width: 1024px) 100vw, 1024px\" \/><\/figure>\n\n\n\n<p>Suas ra\u00edzes latinas corroboram para o progn\u00f3stico sentimental arrebatador, ecoando grandes momentos evocados pela lenda Eric Clapton, mas exaurindo personalidade pelos poros e refor\u00e7ando sua poderosa identidade art\u00edstica nesta faixa! Fatalmente al\u00e7ar\u00e1 seu nome para dimens\u00f5es estratosf\u00e9ricas, chegando at\u00e9 os recando mais in\u00f3spitos do planeta, porque \u00e9 INCR\u00cdVEL! Disponibilizado abaixo:<\/p>\n\n\n\n<figure class=\"wp-block-embed is-type-rich is-provider-spotify wp-block-embed-spotify wp-embed-aspect-21-9 wp-has-aspect-ratio\"><div class=\"wp-block-embed__wrapper\">\n<iframe title=\"Spotify Embed: Ends of the Earth\" style=\"border-radius: 12px\" width=\"100%\" height=\"152\" frameborder=\"0\" allowfullscreen allow=\"autoplay; clipboard-write; encrypted-media; fullscreen; picture-in-picture\" loading=\"lazy\" src=\"https:\/\/open.spotify.com\/embed\/track\/1WVz8r1alP3R4fgJ6V8pZy?utm_source=oembed\"><\/iframe>\n<\/div><\/figure>\n\n\n\n<p><a href=\"https:\/\/open.spotify.com\/artist\/27aLdo8NYu5pyZUxy60iDN?si=CReFQgDxSiaD3sJRwJwMbQ&amp;dl_branch=1&amp;nd=1\">https:\/\/open.spotify.com\/artist\/27aLdo8NYu5pyZUxy60iDN?si=CReFQgDxSiaD3sJRwJwMbQ&amp;dl_branch=1&amp;nd=1<\/a><br><a href=\"https:\/\/www.youtube.com\/channel\/UCG44o_ex-MAPIH_QJo96c4g\">https:\/\/www.youtube.com\/channel\/UCG44o_ex-MAPIH_QJo96c4g<\/a><br><a href=\"https:\/\/www.instagram.com\/ayrtonjimenezmusic\/\">https:\/\/www.instagram.com\/ayrtonjimenezmusic\/<\/a><\/p>\n","protected":false},"excerpt":{"rendered":"<p>Preceitos intimistas e melanc\u00f3licos determinam os rumos dessa pungente balada, onde a narrativa \u00e9 devidamente abarcada pelos sublimes vocais: timbres suntuosos, feeling exasperado, doses fartas de sofreguid\u00e3o emocional e t\u00e9cnica desprendida em n\u00edveis elevad\u00edssimos! A guitarra incorre por progress\u00f5es blues que beiram as raias de uma jornada progressiva sem precedentes&#8230; Sabe aquelas can\u00e7\u00f5es que durante [&hellip;]<\/p>\n","protected":false},"author":6,"featured_media":13026,"comment_status":"open","ping_status":"open","sticky":false,"template":"","format":"standard","meta":{"footnotes":""},"categories":[25,20],"tags":[3091,1357,211],"class_list":["post-13024","post","type-post","status-publish","format-standard","has-post-thumbnail","hentry","category-destaque","category-noticias","tag-ends-of-the-earth","tag-ayrton-jimenez","tag-balada-classica"],"views":191,"_links":{"self":[{"href":"https:\/\/musicforall.com.br\/site2024\/wp-json\/wp\/v2\/posts\/13024","targetHints":{"allow":["GET"]}}],"collection":[{"href":"https:\/\/musicforall.com.br\/site2024\/wp-json\/wp\/v2\/posts"}],"about":[{"href":"https:\/\/musicforall.com.br\/site2024\/wp-json\/wp\/v2\/types\/post"}],"author":[{"embeddable":true,"href":"https:\/\/musicforall.com.br\/site2024\/wp-json\/wp\/v2\/users\/6"}],"replies":[{"embeddable":true,"href":"https:\/\/musicforall.com.br\/site2024\/wp-json\/wp\/v2\/comments?post=13024"}],"version-history":[{"count":1,"href":"https:\/\/musicforall.com.br\/site2024\/wp-json\/wp\/v2\/posts\/13024\/revisions"}],"predecessor-version":[{"id":13027,"href":"https:\/\/musicforall.com.br\/site2024\/wp-json\/wp\/v2\/posts\/13024\/revisions\/13027"}],"wp:featuredmedia":[{"embeddable":true,"href":"https:\/\/musicforall.com.br\/site2024\/wp-json\/wp\/v2\/media\/13026"}],"wp:attachment":[{"href":"https:\/\/musicforall.com.br\/site2024\/wp-json\/wp\/v2\/media?parent=13024"}],"wp:term":[{"taxonomy":"category","embeddable":true,"href":"https:\/\/musicforall.com.br\/site2024\/wp-json\/wp\/v2\/categories?post=13024"},{"taxonomy":"post_tag","embeddable":true,"href":"https:\/\/musicforall.com.br\/site2024\/wp-json\/wp\/v2\/tags?post=13024"}],"curies":[{"name":"wp","href":"https:\/\/api.w.org\/{rel}","templated":true}]}}