{"id":12557,"date":"2023-06-28T18:07:22","date_gmt":"2023-06-28T21:07:22","guid":{"rendered":"https:\/\/musicforall.com.br\/?p=12557"},"modified":"2023-06-28T18:07:22","modified_gmt":"2023-06-28T21:07:22","slug":"luna-keller-lanca-seu-terceiro-single-em-2023","status":"publish","type":"post","link":"https:\/\/musicforall.com.br\/site2024\/luna-keller-lanca-seu-terceiro-single-em-2023\/","title":{"rendered":"Luna Keller lan\u00e7a seu terceiro single em 2023"},"content":{"rendered":"\n<p>A musicista itinerante Luna Keller retorna ap\u00f3s o excelente single \u201cWoman In The Van\u201d. Falando nisso, se depender de \u201cHome In My Heart\u201d, a artista alem\u00e3 manter\u00e1 essa qualidade, pois estamos diante de mais uma composi\u00e7\u00e3o bem estruturada, com arranjos bem detalhados e uma produ\u00e7\u00e3o polida.<\/p>\n\n\n\n<p>S\u00f3 para lembrar, o adjetivo \u2018itinerante\u2019 significa que Luna \u00e9 uma cantora que n\u00e3o fixa resid\u00eancia em um local saindo em turn\u00ea, e sim se mant\u00e9m sempre mudando de endere\u00e7o deixando a magia de sua m\u00fasica por onde passa.<\/p>\n\n\n\n<p>Em \u201cHome In My Heart\u201d, a artista de Col\u00f4nia segue com seu teor folk pop, entregando uma can\u00e7\u00e3o um tanto quanto mais pomposa e com um n\u00edvel emocional enfatizado. Isso porque o viol\u00e3o que conduz as bases \u00e9 acompanhado por uma bateria mais en\u00e9rgica dentro do som, o que d\u00e1 um ritmo mais din\u00e2mico.<\/p>\n\n\n\n<p>A letra da nova can\u00e7\u00e3o, que foi lan\u00e7ada exatamente hoje, celebra a resili\u00eancia e conex\u00e3o de amizades de longa dist\u00e2ncia, mantendo a liga\u00e7\u00e3o das letras de Luna Keller em temas relacionados a viagens, dist\u00e2ncias e afins, ou seja, ao seu modo de vida itinerante.<\/p>\n\n\n\n<figure class=\"wp-block-embed is-type-rich is-provider-spotify wp-block-embed-spotify wp-embed-aspect-21-9 wp-has-aspect-ratio\"><div class=\"wp-block-embed__wrapper\">\n<iframe title=\"Spotify Embed: Home in my Heart\" style=\"border-radius: 12px\" width=\"100%\" height=\"152\" frameborder=\"0\" allowfullscreen allow=\"autoplay; clipboard-write; encrypted-media; fullscreen; picture-in-picture\" loading=\"lazy\" src=\"https:\/\/open.spotify.com\/embed\/track\/7C6Fe7cDtWnLCBe7vB1BFL?si=24641742069649d7&#038;utm_source=oembed\"><\/iframe>\n<\/div><\/figure>\n\n\n\n<p><a href=\"https:\/\/www.lunakeller.com\/\">https:\/\/www.lunakeller.com\/<\/a><\/p>\n\n\n\n<p><a href=\"https:\/\/www.facebook.com\/lunakellermusic\">https:\/\/www.facebook.com\/lunakellermusic<\/a><\/p>\n\n\n\n<p><a href=\"https:\/\/twitter.com\/lunakellermusic\">https:\/\/twitter.com\/lunakellermusic<\/a><\/p>\n\n\n\n<p class=\"wp-embed-aspect-21-9 wp-has-aspect-ratio\"><a href=\"https:\/\/open.spotify.com\/artist\/1Mqp7hngFJzrCbUePtHzTj?si=qjekVc5qTtGH0CAioP_Epw\">https:\/\/open.spotify.com\/artist\/1Mqp7hngFJzrCbUePtHzTj?si=qjekVc5qTtGH0CAioP_Epw<\/a><\/p>\n\n\n\n<p class=\"wp-embed-aspect-4-3 wp-has-aspect-ratio\"><a href=\"https:\/\/soundcloud.com\/user-682414180\">https:\/\/soundcloud.com\/user-682414180<\/a><\/p>\n\n\n\n<p><a href=\"https:\/\/lunakeller.bandcamp.com\/\">https:\/\/lunakeller.bandcamp.com\/<\/a><\/p>\n\n\n\n<p><a href=\"https:\/\/www.youtube.com\/channel\/UCy_Vz06q1UPI3ezzwfmirZQ?view_as=subscriber\">https:\/\/www.youtube.com\/channel\/UCy_Vz06q1UPI3ezzwfmirZQ?view_as=subscriber<\/a><\/p>\n\n\n\n<p><a href=\"https:\/\/www.instagram.com\/lunakellermusic\">https:\/\/www.instagram.com\/lunakellermusic<\/a><\/p>\n","protected":false},"excerpt":{"rendered":"<p>A musicista itinerante Luna Keller retorna ap\u00f3s o excelente single \u201cWoman In The Van\u201d. Falando nisso, se depender de \u201cHome In My Heart\u201d, a artista alem\u00e3 manter\u00e1 essa qualidade, pois estamos diante de mais uma composi\u00e7\u00e3o bem estruturada, com arranjos bem detalhados e uma produ\u00e7\u00e3o polida. S\u00f3 para lembrar, o adjetivo \u2018itinerante\u2019 significa que Luna [&hellip;]<\/p>\n","protected":false},"author":5,"featured_media":12558,"comment_status":"open","ping_status":"open","sticky":false,"template":"","format":"standard","meta":{"footnotes":""},"categories":[25,24,20],"tags":[132,50],"class_list":["post-12557","post","type-post","status-publish","format-standard","has-post-thumbnail","hentry","category-destaque","category-internacional","category-noticias","tag-folk","tag-pop"],"views":181,"_links":{"self":[{"href":"https:\/\/musicforall.com.br\/site2024\/wp-json\/wp\/v2\/posts\/12557","targetHints":{"allow":["GET"]}}],"collection":[{"href":"https:\/\/musicforall.com.br\/site2024\/wp-json\/wp\/v2\/posts"}],"about":[{"href":"https:\/\/musicforall.com.br\/site2024\/wp-json\/wp\/v2\/types\/post"}],"author":[{"embeddable":true,"href":"https:\/\/musicforall.com.br\/site2024\/wp-json\/wp\/v2\/users\/5"}],"replies":[{"embeddable":true,"href":"https:\/\/musicforall.com.br\/site2024\/wp-json\/wp\/v2\/comments?post=12557"}],"version-history":[{"count":1,"href":"https:\/\/musicforall.com.br\/site2024\/wp-json\/wp\/v2\/posts\/12557\/revisions"}],"predecessor-version":[{"id":12559,"href":"https:\/\/musicforall.com.br\/site2024\/wp-json\/wp\/v2\/posts\/12557\/revisions\/12559"}],"wp:featuredmedia":[{"embeddable":true,"href":"https:\/\/musicforall.com.br\/site2024\/wp-json\/wp\/v2\/media\/12558"}],"wp:attachment":[{"href":"https:\/\/musicforall.com.br\/site2024\/wp-json\/wp\/v2\/media?parent=12557"}],"wp:term":[{"taxonomy":"category","embeddable":true,"href":"https:\/\/musicforall.com.br\/site2024\/wp-json\/wp\/v2\/categories?post=12557"},{"taxonomy":"post_tag","embeddable":true,"href":"https:\/\/musicforall.com.br\/site2024\/wp-json\/wp\/v2\/tags?post=12557"}],"curies":[{"name":"wp","href":"https:\/\/api.w.org\/{rel}","templated":true}]}}