{"id":12019,"date":"2023-06-14T11:26:24","date_gmt":"2023-06-14T14:26:24","guid":{"rendered":"https:\/\/musicforall.com.br\/?p=12019"},"modified":"2023-06-14T11:26:25","modified_gmt":"2023-06-14T14:26:25","slug":"elegy-peca-de-piano-reflete-o-drama-de-seu-compositor-o-australiano-michael-bakrncev","status":"publish","type":"post","link":"https:\/\/musicforall.com.br\/site2024\/elegy-peca-de-piano-reflete-o-drama-de-seu-compositor-o-australiano-michael-bakrncev\/","title":{"rendered":"\u201cElegy\u201d, pe\u00e7a de piano, reflete o drama de seu compositor, o australiano Michael Bakrn\u010dev"},"content":{"rendered":"\n<p>Michael Bakrn\u010dev passou por um per\u00edodo dif\u00edcil com o nascimento de sua segunda filha em agosto de 2021 e, como ele mesmo descreve, o per\u00edodo que deveria ser o mais feliz da sua vida se tornou um pesadelo. Isso porque o mundo ainda passava pelo lockdown e ele havia perdido toda sua renda e as dificuldades se multiplicado.<\/p>\n\n\n\n<p>Como m\u00fasica sempre \u00e9 uma \u00e1rea de escape, o compositor mergulhou nesta escrita, intitulada \u201cElegy\u201d, e descarregou todo o seu sentimento. O resultado \u00e9 essa pe\u00e7a de piano, interpretada e tocada por Alex Raineri, ao vivo, no Brisbane Music Festival, o que d\u00e1 um aspecto ainda mais dram\u00e1tico \u00e0 can\u00e7\u00e3o.<\/p>\n\n\n\n<p>Com seu teor cl\u00e1ssico, a m\u00fasica \u00e9 conduzida por um piano solo, com um ar sombrio que a permeia por todo o seu contexto. Os graves s\u00e3o os respons\u00e1veis por essa obscuridade, enquanto as melodias mais tristes surgem da forma mais cadenciada poss\u00edvel, elevando a necessidade de reflex\u00e3o.<\/p>\n\n\n\n<p>N\u00e3o se pode deixar de lado a habilidade de Raineri, que, no tempo certo, conduz a composi\u00e7\u00e3o com precis\u00e3o e uma t\u00e9cnica que n\u00e3o passa em nenhum momento do \u2018feeling\u2019. Uma obra de arte para os cora\u00e7\u00f5es mais quentes e almas sens\u00edveis.<\/p>\n\n\n\n<figure class=\"wp-block-embed is-type-rich is-provider-spotify wp-block-embed-spotify wp-embed-aspect-21-9 wp-has-aspect-ratio\"><div class=\"wp-block-embed__wrapper\">\n<iframe title=\"Spotify Embed: Elegy - Live at Brisbane Music Festival, Brisbane, 2022\" style=\"border-radius: 12px\" width=\"100%\" height=\"152\" frameborder=\"0\" allowfullscreen allow=\"autoplay; clipboard-write; encrypted-media; fullscreen; picture-in-picture\" loading=\"lazy\" src=\"https:\/\/open.spotify.com\/embed\/track\/6rohg9vCeKnOJax1dgs3R4?si=82f2d4beeb5c4ff4&#038;utm_source=oembed\"><\/iframe>\n<\/div><\/figure>\n\n\n\n<p><a href=\"https:\/\/www.michaelbakrnchev.com\/\">https:\/\/www.michaelbakrnchev.com\/<\/a><\/p>\n\n\n\n<p><a href=\"https:\/\/www.facebook.com\/michaelbakrnchevcomposer\">https:\/\/www.facebook.com\/michaelbakrnchevcomposer<\/a><\/p>\n\n\n\n<p class=\"wp-embed-aspect-21-9 wp-has-aspect-ratio\"><a href=\"https:\/\/open.spotify.com\/artist\/4BfkeR6xPCCDFaKz6i9ooV?si=88HvoOZOT6C_RNUwTBrMKg\">https:\/\/open.spotify.com\/artist\/4BfkeR6xPCCDFaKz6i9ooV?si=88HvoOZOT6C_RNUwTBrMKg<\/a><\/p>\n\n\n\n<p><a href=\"https:\/\/www.youtube.com\/user\/MichaelBakrnchev1989\">https:\/\/www.youtube.com\/user\/MichaelBakrnchev1989<\/a><\/p>\n\n\n\n<p><a href=\"https:\/\/www.instagram.com\/michaelcomposerbakrnchev\/\">https:\/\/www.instagram.com\/michaelcomposerbakrnchev\/<\/a><\/p>\n","protected":false},"excerpt":{"rendered":"<p>Michael Bakrn\u010dev passou por um per\u00edodo dif\u00edcil com o nascimento de sua segunda filha em agosto de 2021 e, como ele mesmo descreve, o per\u00edodo que deveria ser o mais feliz da sua vida se tornou um pesadelo. Isso porque o mundo ainda passava pelo lockdown e ele havia perdido toda sua renda e as [&hellip;]<\/p>\n","protected":false},"author":5,"featured_media":12020,"comment_status":"open","ping_status":"open","sticky":false,"template":"","format":"standard","meta":{"footnotes":""},"categories":[25,24,20],"tags":[2094,94,722],"class_list":["post-12019","post","type-post","status-publish","format-standard","has-post-thumbnail","hentry","category-destaque","category-internacional","category-noticias","tag-classico","tag-instrumental","tag-piano"],"views":134,"_links":{"self":[{"href":"https:\/\/musicforall.com.br\/site2024\/wp-json\/wp\/v2\/posts\/12019","targetHints":{"allow":["GET"]}}],"collection":[{"href":"https:\/\/musicforall.com.br\/site2024\/wp-json\/wp\/v2\/posts"}],"about":[{"href":"https:\/\/musicforall.com.br\/site2024\/wp-json\/wp\/v2\/types\/post"}],"author":[{"embeddable":true,"href":"https:\/\/musicforall.com.br\/site2024\/wp-json\/wp\/v2\/users\/5"}],"replies":[{"embeddable":true,"href":"https:\/\/musicforall.com.br\/site2024\/wp-json\/wp\/v2\/comments?post=12019"}],"version-history":[{"count":1,"href":"https:\/\/musicforall.com.br\/site2024\/wp-json\/wp\/v2\/posts\/12019\/revisions"}],"predecessor-version":[{"id":12021,"href":"https:\/\/musicforall.com.br\/site2024\/wp-json\/wp\/v2\/posts\/12019\/revisions\/12021"}],"wp:featuredmedia":[{"embeddable":true,"href":"https:\/\/musicforall.com.br\/site2024\/wp-json\/wp\/v2\/media\/12020"}],"wp:attachment":[{"href":"https:\/\/musicforall.com.br\/site2024\/wp-json\/wp\/v2\/media?parent=12019"}],"wp:term":[{"taxonomy":"category","embeddable":true,"href":"https:\/\/musicforall.com.br\/site2024\/wp-json\/wp\/v2\/categories?post=12019"},{"taxonomy":"post_tag","embeddable":true,"href":"https:\/\/musicforall.com.br\/site2024\/wp-json\/wp\/v2\/tags?post=12019"}],"curies":[{"name":"wp","href":"https:\/\/api.w.org\/{rel}","templated":true}]}}