{"id":11802,"date":"2023-06-06T19:45:13","date_gmt":"2023-06-06T22:45:13","guid":{"rendered":"https:\/\/musicforall.com.br\/?p=11802"},"modified":"2023-06-06T19:45:14","modified_gmt":"2023-06-06T22:45:14","slug":"mina-ouca-o-magistral-single-kay-com-participacao-de-jay-lansen-saiba-mais","status":"publish","type":"post","link":"https:\/\/musicforall.com.br\/site2024\/mina-ouca-o-magistral-single-kay-com-participacao-de-jay-lansen-saiba-mais\/","title":{"rendered":"M\u00ccNA: ou\u00e7a o magistral single &#8220;Kay&#8221;, com participa\u00e7\u00e3o de Jay Lansen; saiba mais"},"content":{"rendered":"\n<p>A cantora e compositora grega M\u00ccNA \u00e9 uma dos nomes mais instigantes dos \u00faltimos tempos, promovendo simbiose sonora das mais diversificadas e coesas exaurindo personalidade pelos poros, que se tem not\u00edcia&#8230; A ampla visibilidade de p\u00fablico e cr\u00edtica especializada obviamente promove uma expectativa provinda mediante uma pr\u00f3xima empreitada. E neste mais recente lan\u00e7amento em formato de single, &#8220;Kay&#8221;, conta com a participa\u00e7\u00e3o do&nbsp;rapper franc\u00f3fono&nbsp;Jay Lansen, e mais uma vez impacta!<\/p>\n\n\n\n<p>As batidas tribais que adentram os primeiros segundos da introdu\u00e7\u00e3o e j\u00e1 captam o ouvinte numa aura de mist\u00e9rio, \u00e9 devidamente invadida por arpejos de flamenco altamente sedutores. A dramaticidade caracter\u00edstica do g\u00eanero duela com frentes absurdamente explosivos: as batidas eletr\u00f4nicas que produzem um groove soturno e a MAGISTRAL voz\u00a0 da artista, que exaure timbres bel\u00edssimos, sofreguid\u00e3o emocional, sensualidade e t\u00e9cnica em n\u00edveis profundos!<\/p>\n\n\n\n<figure class=\"wp-block-image size-large\"><img fetchpriority=\"high\" decoding=\"async\" width=\"1024\" height=\"1024\" src=\"https:\/\/musicforall.com.br\/site2024\/wp-content\/uploads\/2023\/06\/MINA-2-1024x1024.jpg\" alt=\"\" class=\"wp-image-11803\" srcset=\"https:\/\/musicforall.com.br\/site2024\/wp-content\/uploads\/2023\/06\/MINA-2-1024x1024.jpg 1024w, https:\/\/musicforall.com.br\/site2024\/wp-content\/uploads\/2023\/06\/MINA-2-300x300.jpg 300w, https:\/\/musicforall.com.br\/site2024\/wp-content\/uploads\/2023\/06\/MINA-2-150x150.jpg 150w, https:\/\/musicforall.com.br\/site2024\/wp-content\/uploads\/2023\/06\/MINA-2-768x768.jpg 768w, https:\/\/musicforall.com.br\/site2024\/wp-content\/uploads\/2023\/06\/MINA-2.jpg 1280w\" sizes=\"(max-width: 1024px) 100vw, 1024px\" \/><\/figure>\n\n\n\n<p>Apesar de remeter ao trip-hop em muitos momentos, a jornada sensorial sofre profundos abalos s\u00edsmicos com os arqu\u00e9tipos \u00e9tnicos que brotam incessantemente e o afiado vocal falado de Jay Lansen, uma metralhadora girat\u00f3ria que funciona como virulento elemento surpresa. Simplesmente SENSACIONAL, fatalmente ir\u00e1 angariar os recantos mais in\u00f3spitos do planeta pela grandiosidade da obra! Disponibilizado abaixo:<\/p>\n\n\n\n<figure class=\"wp-block-embed is-type-rich is-provider-spotify wp-block-embed-spotify wp-embed-aspect-21-9 wp-has-aspect-ratio\"><div class=\"wp-block-embed__wrapper\">\n<iframe title=\"Spotify Embed: Kay\" style=\"border-radius: 12px\" width=\"100%\" height=\"352\" frameborder=\"0\" allowfullscreen allow=\"autoplay; clipboard-write; encrypted-media; fullscreen; picture-in-picture\" loading=\"lazy\" src=\"https:\/\/open.spotify.com\/embed\/album\/7KpNQjPAavHaBmerN1gshP?utm_source=oembed\"><\/iframe>\n<\/div><\/figure>\n\n\n\n<p><br><a href=\"https:\/\/www.facebook.com\/minamusic11\/\">https:\/\/www.facebook.com\/minamusic11\/<\/a><br><a href=\"https:\/\/open.spotify.com\/artist\/56PR3kZxJLGBILGoMZILCM?si=0kTr62UMTT-vc4EDLaY6OA\">https:\/\/open.spotify.com\/artist\/56PR3kZxJLGBILGoMZILCM?si=0kTr62UMTT-vc4EDLaY6OA<\/a><br><a href=\"https:\/\/www.youtube.com\/watch?v=Y1jDmnXMZDY\">https:\/\/www.youtube.com\/watch?v=Y1jDmnXMZDY<\/a><br><a href=\"https:\/\/www.instagram.com\/mina_asi11\/\">https:\/\/www.instagram.com\/mina_asi11\/<\/a><\/p>\n","protected":false},"excerpt":{"rendered":"<p>A cantora e compositora grega M\u00ccNA \u00e9 uma dos nomes mais instigantes dos \u00faltimos tempos, promovendo simbiose sonora das mais diversificadas e coesas exaurindo personalidade pelos poros, que se tem not\u00edcia&#8230; A ampla visibilidade de p\u00fablico e cr\u00edtica especializada obviamente promove uma expectativa provinda mediante uma pr\u00f3xima empreitada. E neste mais recente lan\u00e7amento em formato [&hellip;]<\/p>\n","protected":false},"author":6,"featured_media":11804,"comment_status":"open","ping_status":"open","sticky":false,"template":"","format":"standard","meta":{"footnotes":""},"categories":[25,20],"tags":[2750,2751,2748],"class_list":["post-11802","post","type-post","status-publish","format-standard","has-post-thumbnail","hentry","category-destaque","category-noticias","tag-kay","tag-jay-lansen","tag-mina-2"],"views":381,"_links":{"self":[{"href":"https:\/\/musicforall.com.br\/site2024\/wp-json\/wp\/v2\/posts\/11802","targetHints":{"allow":["GET"]}}],"collection":[{"href":"https:\/\/musicforall.com.br\/site2024\/wp-json\/wp\/v2\/posts"}],"about":[{"href":"https:\/\/musicforall.com.br\/site2024\/wp-json\/wp\/v2\/types\/post"}],"author":[{"embeddable":true,"href":"https:\/\/musicforall.com.br\/site2024\/wp-json\/wp\/v2\/users\/6"}],"replies":[{"embeddable":true,"href":"https:\/\/musicforall.com.br\/site2024\/wp-json\/wp\/v2\/comments?post=11802"}],"version-history":[{"count":2,"href":"https:\/\/musicforall.com.br\/site2024\/wp-json\/wp\/v2\/posts\/11802\/revisions"}],"predecessor-version":[{"id":11814,"href":"https:\/\/musicforall.com.br\/site2024\/wp-json\/wp\/v2\/posts\/11802\/revisions\/11814"}],"wp:featuredmedia":[{"embeddable":true,"href":"https:\/\/musicforall.com.br\/site2024\/wp-json\/wp\/v2\/media\/11804"}],"wp:attachment":[{"href":"https:\/\/musicforall.com.br\/site2024\/wp-json\/wp\/v2\/media?parent=11802"}],"wp:term":[{"taxonomy":"category","embeddable":true,"href":"https:\/\/musicforall.com.br\/site2024\/wp-json\/wp\/v2\/categories?post=11802"},{"taxonomy":"post_tag","embeddable":true,"href":"https:\/\/musicforall.com.br\/site2024\/wp-json\/wp\/v2\/tags?post=11802"}],"curies":[{"name":"wp","href":"https:\/\/api.w.org\/{rel}","templated":true}]}}