{"id":11773,"date":"2023-06-06T10:25:37","date_gmt":"2023-06-06T13:25:37","guid":{"rendered":"https:\/\/musicforall.com.br\/?p=11773"},"modified":"2023-06-06T10:25:40","modified_gmt":"2023-06-06T13:25:40","slug":"dan-szyller-assista-o-fantastico-single-video-interstellar-voyager-1-saiba-mais","status":"publish","type":"post","link":"https:\/\/musicforall.com.br\/site2024\/dan-szyller-assista-o-fantastico-single-video-interstellar-voyager-1-saiba-mais\/","title":{"rendered":"Dan Szyller: assista o fant\u00e1stico single\/v\u00eddeo &#8220;Interstellar (Voyager 1)&#8221;; saiba mais"},"content":{"rendered":"\n<p>A introdu\u00e7\u00e3o de permeios progressivos j\u00e1 denota de antem\u00e3o a espacialidade deste ensejo instrumental absolutamente avassalador em sua perspectiva. Empunhando a guitarra como protagonista, a progress\u00e3o gradativa e carregada de um sedutor permeio ambient, promove uma sucess\u00e3o de elementos surpresa dos mais provindos para o ouvinte. Logo nos deparamos com a refer\u00eancia direta de muitas obras do Pink Floyd, mas a faixa exaure personalidade pelos poros, desprendendo a poderosa identidade art\u00edstica que exaure dos trabalhos deste compositor incr\u00edvel!<\/p>\n\n\n\n<p>As narra\u00e7\u00f5es em OFF dotadas de ensejos hipn\u00f3ticos irresist\u00edveis, descreve o conceito primal da faixa: &#8220;a Voyager 1 \u00e9 uma sonda espacial lan\u00e7ada pela NASA em 5 de setembro de 1977, como parte do programa Voyager para estudar o Sistema Solar externo e o espa\u00e7o interestelar al\u00e9m da heliosfera do Sol&#8221;, discorre o autor Dan Szyller referente a cerebralidade incutida neste projeto simplesmente SENSACIONAL do artista franc\u00eas.<\/p>\n\n\n<div class=\"wp-block-image\">\n<figure class=\"aligncenter size-large\"><img fetchpriority=\"high\" decoding=\"async\" width=\"819\" height=\"1024\" src=\"https:\/\/musicforall.com.br\/site2024\/wp-content\/uploads\/2023\/06\/Dan-Szyller-2-819x1024.jpeg\" alt=\"\" class=\"wp-image-11774\" srcset=\"https:\/\/musicforall.com.br\/site2024\/wp-content\/uploads\/2023\/06\/Dan-Szyller-2-819x1024.jpeg 819w, https:\/\/musicforall.com.br\/site2024\/wp-content\/uploads\/2023\/06\/Dan-Szyller-2-240x300.jpeg 240w, https:\/\/musicforall.com.br\/site2024\/wp-content\/uploads\/2023\/06\/Dan-Szyller-2-768x960.jpeg 768w, https:\/\/musicforall.com.br\/site2024\/wp-content\/uploads\/2023\/06\/Dan-Szyller-2-1229x1536.jpeg 1229w, https:\/\/musicforall.com.br\/site2024\/wp-content\/uploads\/2023\/06\/Dan-Szyller-2-1639x2048.jpeg 1639w\" sizes=\"(max-width: 819px) 100vw, 819px\" \/><\/figure>\n<\/div>\n\n\n<p>E ainda juntamente a este petardo que encerra seu \u00e1lbum &#8220;The Celestial Immigrant&#8221;, um videoclipe incr\u00edvel que apresenta\u00a0 imagens do cosmos se movimentando lentamente, o que acaba se tornando uma premissa indubit\u00e1vel neste conjunto avassalador de imagem + som, praticamente tornando o conjunto art\u00edstico promulgado em uma obra-prima \u00fanica e impactante! A encore onde a explos\u00e3o sonora chega ao seu \u00e1pice, \u00e9 a conclus\u00e3o plena que estamos mediante um dos grandes lan\u00e7amentos deste ano de 2023. Disponibilizado abaixo: \u00a0\u00a0<\/p>\n\n\n\n<figure class=\"wp-block-embed is-type-video is-provider-youtube wp-block-embed-youtube wp-embed-aspect-16-9 wp-has-aspect-ratio\"><div class=\"wp-block-embed__wrapper\">\n<iframe title=\"DAN SZYLLER - Interstellar (Voyager 1) - Space ArtRock\" width=\"800\" height=\"450\" src=\"https:\/\/www.youtube.com\/embed\/fZNG7eQgS2A?feature=oembed\" frameborder=\"0\" allow=\"accelerometer; autoplay; clipboard-write; encrypted-media; gyroscope; picture-in-picture; web-share\" referrerpolicy=\"strict-origin-when-cross-origin\" allowfullscreen><\/iframe>\n<\/div><\/figure>\n\n\n\n<p><a href=\"https:\/\/danszyller.hearnow.com\/\">https:\/\/danszyller.hearnow.com\/<\/a><br><a href=\"https:\/\/www.facebook.com\/profile.php\">https:\/\/www.facebook.com\/profile.php<\/a><br><a href=\"https:\/\/open.spotify.com\/artist\/0xoA10xEQttQSZUGyAlMBT?si=YEW-CjPATb2NaYhrSYJRrA\">https:\/\/open.spotify.com\/artist\/0xoA10xEQttQSZUGyAlMBT?si=YEW-CjPATb2NaYhrSYJRrA<\/a><br><a href=\"https:\/\/youtube.com\/@danszyller167\">https:\/\/youtube.com\/@danszyller167<\/a><br><a href=\"https:\/\/mobile.twitter.com\/dszyller\">https:\/\/mobile.twitter.com\/dszyller<\/a><\/p>\n","protected":false},"excerpt":{"rendered":"<p>A introdu\u00e7\u00e3o de permeios progressivos j\u00e1 denota de antem\u00e3o a espacialidade deste ensejo instrumental absolutamente avassalador em sua perspectiva. Empunhando a guitarra como protagonista, a progress\u00e3o gradativa e carregada de um sedutor permeio ambient, promove uma sucess\u00e3o de elementos surpresa dos mais provindos para o ouvinte. Logo nos deparamos com a refer\u00eancia direta de muitas [&hellip;]<\/p>\n","protected":false},"author":6,"featured_media":11775,"comment_status":"open","ping_status":"open","sticky":false,"template":"","format":"standard","meta":{"footnotes":""},"categories":[25,20],"tags":[2735,2736,94,131],"class_list":["post-11773","post","type-post","status-publish","format-standard","has-post-thumbnail","hentry","category-destaque","category-noticias","tag-interstellar-voyager-1","tag-dan-szyller","tag-instrumental","tag-rock-progressivo"],"views":339,"_links":{"self":[{"href":"https:\/\/musicforall.com.br\/site2024\/wp-json\/wp\/v2\/posts\/11773","targetHints":{"allow":["GET"]}}],"collection":[{"href":"https:\/\/musicforall.com.br\/site2024\/wp-json\/wp\/v2\/posts"}],"about":[{"href":"https:\/\/musicforall.com.br\/site2024\/wp-json\/wp\/v2\/types\/post"}],"author":[{"embeddable":true,"href":"https:\/\/musicforall.com.br\/site2024\/wp-json\/wp\/v2\/users\/6"}],"replies":[{"embeddable":true,"href":"https:\/\/musicforall.com.br\/site2024\/wp-json\/wp\/v2\/comments?post=11773"}],"version-history":[{"count":1,"href":"https:\/\/musicforall.com.br\/site2024\/wp-json\/wp\/v2\/posts\/11773\/revisions"}],"predecessor-version":[{"id":11776,"href":"https:\/\/musicforall.com.br\/site2024\/wp-json\/wp\/v2\/posts\/11773\/revisions\/11776"}],"wp:featuredmedia":[{"embeddable":true,"href":"https:\/\/musicforall.com.br\/site2024\/wp-json\/wp\/v2\/media\/11775"}],"wp:attachment":[{"href":"https:\/\/musicforall.com.br\/site2024\/wp-json\/wp\/v2\/media?parent=11773"}],"wp:term":[{"taxonomy":"category","embeddable":true,"href":"https:\/\/musicforall.com.br\/site2024\/wp-json\/wp\/v2\/categories?post=11773"},{"taxonomy":"post_tag","embeddable":true,"href":"https:\/\/musicforall.com.br\/site2024\/wp-json\/wp\/v2\/tags?post=11773"}],"curies":[{"name":"wp","href":"https:\/\/api.w.org\/{rel}","templated":true}]}}