{"id":10251,"date":"2023-04-26T20:13:18","date_gmt":"2023-04-26T23:13:18","guid":{"rendered":"https:\/\/musicforall.com.br\/?p=10251"},"modified":"2023-04-26T20:13:19","modified_gmt":"2023-04-26T23:13:19","slug":"proklaim-universaliza-a-musica-africana-em-novo-single","status":"publish","type":"post","link":"https:\/\/musicforall.com.br\/site2024\/proklaim-universaliza-a-musica-africana-em-novo-single\/","title":{"rendered":"Proklaim universaliza a m\u00fasica africana em novo single"},"content":{"rendered":"\n<p>Proklaim vem da Nam\u00edbia, pa\u00eds situado no sudoeste africano e que se destaca pelo seu deserto. Pode ser da\u00ed que surge o calor que a m\u00fasica do artista emana, com sua veia universal sendo um dos grandes trunfos do artista. Tudo mantendo suas ra\u00edzes, mas virando-se para o globo e trazendo diversas outras influ\u00eancias.<\/p>\n\n\n\n<p>Em \u201cAround\u201d, sua nova composi\u00e7\u00e3o, Proklaim nos entrega uma faixa que tem o ritmo afrobeat, al\u00e9m do groove e gingado t\u00edpicos, onde o artista consegue inserir boas doses de R&amp;B e hip-hop, que a d\u00e3o o teor mais abrangente e pop. Tudo de uma forma natural, sem for\u00e7ar a barra.<\/p>\n\n\n\n<p>Descontra\u00edda, \u201cAround\u201d \u00e9 uma m\u00fasica que pode servir para dan\u00e7a, aprecia\u00e7\u00e3o ou at\u00e9 mesmo trilha de alguma aventura tropical. Variada e com arranjos muito bem sacados, pode agradar inclusive as crian\u00e7as. Seu forte refr\u00e3o e de f\u00e1cil assimila\u00e7\u00e3o, pode fazer com que ela atinja todos os p\u00fablicos.<\/p>\n\n\n\n<p>\u201cAround\u201d n\u00e3o tem uma mensagem espec\u00edfica, priorizando a interpreta\u00e7\u00e3o de cada um, al\u00e9m de apostar em rimas que case com seu ritmo. Amantes da world music tamb\u00e9m ir\u00e3o se encantar.<\/p>\n\n\n\n<figure class=\"wp-block-embed is-type-rich is-provider-spotify wp-block-embed-spotify wp-embed-aspect-21-9 wp-has-aspect-ratio\"><div class=\"wp-block-embed__wrapper\">\n<iframe title=\"Spotify Embed: AROUND\" style=\"border-radius: 12px\" width=\"100%\" height=\"352\" frameborder=\"0\" allowfullscreen allow=\"autoplay; clipboard-write; encrypted-media; fullscreen; picture-in-picture\" loading=\"lazy\" src=\"https:\/\/open.spotify.com\/embed\/album\/7MUc0oB3JklWmUDg8lIikJ?si=i-DZq82fRdu-mAeQlOesow&#038;utm_source=oembed\"><\/iframe>\n<\/div><\/figure>\n\n\n\n<p><a href=\"https:\/\/www.facebook.com\/proklaimYebo\/\" target=\"_blank\" rel=\"noreferrer noopener\">https:\/\/www.facebook.com\/proklaimYebo\/<\/a><br><a href=\"https:\/\/www.soundcloud.com\/birungi41\" target=\"_blank\" rel=\"noreferrer noopener\">https:\/\/www.soundcloud.com\/birungi41<\/a><br><a href=\"https:\/\/www.youtube.com\/proklaimrapper\" target=\"_blank\" rel=\"noreferrer noopener\">https:\/\/www.youtube.com\/proklaimrapper<\/a><br><a href=\"https:\/\/www.instagram.com\/proklaimz\" target=\"_blank\" rel=\"noreferrer noopener\">https:\/\/www.instagram.com\/proklaimz<\/a><br><a href=\"https:\/\/open.spotify.com\/artist\/0ZlZ8QOvPlbp9fqMKqrkTb\" target=\"_blank\" rel=\"noreferrer noopener\">https:\/\/open.spotify.com\/artist\/0ZlZ8QOvPlbp9fqMKqrkTb<\/a><\/p>\n","protected":false},"excerpt":{"rendered":"<p>Proklaim vem da Nam\u00edbia, pa\u00eds situado no sudoeste africano e que se destaca pelo seu deserto. Pode ser da\u00ed que surge o calor que a m\u00fasica do artista emana, com sua veia universal sendo um dos grandes trunfos do artista. Tudo mantendo suas ra\u00edzes, mas virando-se para o globo e trazendo diversas outras influ\u00eancias. Em [&hellip;]<\/p>\n","protected":false},"author":5,"featured_media":10252,"comment_status":"open","ping_status":"open","sticky":false,"template":"","format":"standard","meta":{"footnotes":""},"categories":[25,24,20],"tags":[1237,123,122],"class_list":["post-10251","post","type-post","status-publish","format-standard","has-post-thumbnail","hentry","category-destaque","category-internacional","category-noticias","tag-afrobeat","tag-hip-hop-2","tag-rb"],"views":226,"_links":{"self":[{"href":"https:\/\/musicforall.com.br\/site2024\/wp-json\/wp\/v2\/posts\/10251","targetHints":{"allow":["GET"]}}],"collection":[{"href":"https:\/\/musicforall.com.br\/site2024\/wp-json\/wp\/v2\/posts"}],"about":[{"href":"https:\/\/musicforall.com.br\/site2024\/wp-json\/wp\/v2\/types\/post"}],"author":[{"embeddable":true,"href":"https:\/\/musicforall.com.br\/site2024\/wp-json\/wp\/v2\/users\/5"}],"replies":[{"embeddable":true,"href":"https:\/\/musicforall.com.br\/site2024\/wp-json\/wp\/v2\/comments?post=10251"}],"version-history":[{"count":1,"href":"https:\/\/musicforall.com.br\/site2024\/wp-json\/wp\/v2\/posts\/10251\/revisions"}],"predecessor-version":[{"id":10253,"href":"https:\/\/musicforall.com.br\/site2024\/wp-json\/wp\/v2\/posts\/10251\/revisions\/10253"}],"wp:featuredmedia":[{"embeddable":true,"href":"https:\/\/musicforall.com.br\/site2024\/wp-json\/wp\/v2\/media\/10252"}],"wp:attachment":[{"href":"https:\/\/musicforall.com.br\/site2024\/wp-json\/wp\/v2\/media?parent=10251"}],"wp:term":[{"taxonomy":"category","embeddable":true,"href":"https:\/\/musicforall.com.br\/site2024\/wp-json\/wp\/v2\/categories?post=10251"},{"taxonomy":"post_tag","embeddable":true,"href":"https:\/\/musicforall.com.br\/site2024\/wp-json\/wp\/v2\/tags?post=10251"}],"curies":[{"name":"wp","href":"https:\/\/api.w.org\/{rel}","templated":true}]}}