{"id":10209,"date":"2023-04-26T12:57:17","date_gmt":"2023-04-26T15:57:17","guid":{"rendered":"https:\/\/musicforall.com.br\/?p=10209"},"modified":"2023-04-26T12:57:18","modified_gmt":"2023-04-26T15:57:18","slug":"i-panic-one-man-band-da-holanda-ousa-mais-em-novo-single-forgot-to-tell-me","status":"publish","type":"post","link":"https:\/\/musicforall.com.br\/site2024\/i-panic-one-man-band-da-holanda-ousa-mais-em-novo-single-forgot-to-tell-me\/","title":{"rendered":"I Panic: \u2018one-man-band\u2019 da Holanda ousa mais em novo single \u201cForgot to Tell Me\u201d"},"content":{"rendered":"\n<p>O holand\u00eas Marcel van Tetering \u00e9 o nome por tr\u00e1s do I Panic, do qual podemos chamar de \u2018one-man-band\u2019. Mas devemos citar que Gerben Westerveld tocou baixo aqui, auxiliando o artista, que acaba de lan\u00e7ar seu mais novo single, este \u201cForgot to Tell Me\u201d. Trata-se de um trabalho onde o I Panic d\u00e1 um passo fora da casinha, mas mant\u00e9m suas principais caracter\u00edsticas.<\/p>\n\n\n\n<p>Isso porque o projeto prima por fazer um rock alternativo teatral, sempre mesclando estilos como ska, punk e indie. Esta f\u00f3rmula aparece por aqui, mas \u00e9 evidente que uma veia moderna \u00e9 adotada, principalmente na timbragem dos instrumentos (a bateria principalmente), al\u00e9m da objetividade, induzida por uma pegada levemente agressiva.<\/p>\n\n\n\n<p>\u201cForgot to Tell Me\u201d ainda \u00e9 cheia de detalhes nos arranjos, onde um \u00f3rg\u00e3o certeiro \u00e9 incluso, trazendo mais sofistica\u00e7\u00e3o \u00e0 can\u00e7\u00e3o. Al\u00e9m disso, a m\u00fasica varia no ritmo, com algumas quebradas e interl\u00fadios, que a deixam vers\u00e1til e ainda mais f\u00e1cil de ser apreciada. A faixa traz uma letra tragic\u00f4mica. Conta a hist\u00f3ria sarc\u00e1stica de um cara que percebe que seu relacionamento acabou, enquanto ainda tinha a impress\u00e3o de que n\u00e3o.<\/p>\n\n\n\n<figure class=\"wp-block-embed is-type-rich is-provider-spotify wp-block-embed-spotify wp-embed-aspect-21-9 wp-has-aspect-ratio\"><div class=\"wp-block-embed__wrapper\">\n<iframe title=\"Spotify Embed: Forgot to Tell Me (Single Edit)\" style=\"border-radius: 12px\" width=\"100%\" height=\"152\" frameborder=\"0\" allowfullscreen allow=\"autoplay; clipboard-write; encrypted-media; fullscreen; picture-in-picture\" loading=\"lazy\" src=\"https:\/\/open.spotify.com\/embed\/track\/407N3Suq32FClCVmCRwzxd?si=85b81a5bdfd54d62&#038;utm_source=oembed\"><\/iframe>\n<\/div><\/figure>\n\n\n\n<p><a href=\"https:\/\/i-panic.nl\/\" target=\"_blank\" rel=\"noreferrer noopener\">https:\/\/i-panic.nl<\/a><br><a href=\"https:\/\/www.facebook.com\/I.Panic.nl\" target=\"_blank\" rel=\"noreferrer noopener\">https:\/\/www.facebook.com\/I.Panic.nl<\/a><br><a href=\"https:\/\/open.spotify.com\/artist\/7ozpLiZQRPLIyntADTMicL?si=6CryZ041TxaPw5KWJUCqyA\" target=\"_blank\" rel=\"noreferrer noopener\">https:\/\/open.spotify.com\/artist\/7ozpLiZQRPLIyntADTMicL?si=6CryZ041TxaPw5KWJUCqyA<\/a><br><a href=\"https:\/\/ipanic.bandcamp.com\/\" target=\"_blank\" rel=\"noreferrer noopener\">https:\/\/ipanic.bandcamp.com<\/a><br><a href=\"https:\/\/www.youtube.com\/channel\/UCqph8V3nCR9LkIBa79pzhhQ\" target=\"_blank\" rel=\"noreferrer noopener\">https:\/\/www.youtube.com\/channel\/UCqph8V3nCR9LkIBa79pzhhQ<\/a><br><a href=\"https:\/\/www.instagram.com\/i_panic_music\/\" target=\"_blank\" rel=\"noreferrer noopener\">https:\/\/www.instagram.com\/i_panic_music\/<\/a><br><a href=\"https:\/\/twitter.com\/Marcel_Nuvole\" target=\"_blank\" rel=\"noreferrer noopener\">https:\/\/twitter.com\/Marcel_Nuvole<\/a><br><a href=\"https:\/\/soundcloud.com\/ipanic\" target=\"_blank\" rel=\"noreferrer noopener\">https:\/\/soundcloud.com\/ipanic<\/a><br><a href=\"https:\/\/www.tiktok.com\/@ipanic_music\" target=\"_blank\" rel=\"noreferrer noopener\">https:\/\/www.tiktok.com\/@ipanic_music<\/a><\/p>\n","protected":false},"excerpt":{"rendered":"<p>O holand\u00eas Marcel van Tetering \u00e9 o nome por tr\u00e1s do I Panic, do qual podemos chamar de \u2018one-man-band\u2019. Mas devemos citar que Gerben Westerveld tocou baixo aqui, auxiliando o artista, que acaba de lan\u00e7ar seu mais novo single, este \u201cForgot to Tell Me\u201d. Trata-se de um trabalho onde o I Panic d\u00e1 um passo [&hellip;]<\/p>\n","protected":false},"author":5,"featured_media":10210,"comment_status":"open","ping_status":"open","sticky":false,"template":"","format":"standard","meta":{"footnotes":""},"categories":[28,24,20],"tags":[500,179,32,2320],"class_list":["post-10209","post","type-post","status-publish","format-standard","has-post-thumbnail","hentry","category-analise","category-internacional","category-noticias","tag-indie","tag-punk","tag-rock","tag-ska"],"views":414,"_links":{"self":[{"href":"https:\/\/musicforall.com.br\/site2024\/wp-json\/wp\/v2\/posts\/10209","targetHints":{"allow":["GET"]}}],"collection":[{"href":"https:\/\/musicforall.com.br\/site2024\/wp-json\/wp\/v2\/posts"}],"about":[{"href":"https:\/\/musicforall.com.br\/site2024\/wp-json\/wp\/v2\/types\/post"}],"author":[{"embeddable":true,"href":"https:\/\/musicforall.com.br\/site2024\/wp-json\/wp\/v2\/users\/5"}],"replies":[{"embeddable":true,"href":"https:\/\/musicforall.com.br\/site2024\/wp-json\/wp\/v2\/comments?post=10209"}],"version-history":[{"count":1,"href":"https:\/\/musicforall.com.br\/site2024\/wp-json\/wp\/v2\/posts\/10209\/revisions"}],"predecessor-version":[{"id":10211,"href":"https:\/\/musicforall.com.br\/site2024\/wp-json\/wp\/v2\/posts\/10209\/revisions\/10211"}],"wp:featuredmedia":[{"embeddable":true,"href":"https:\/\/musicforall.com.br\/site2024\/wp-json\/wp\/v2\/media\/10210"}],"wp:attachment":[{"href":"https:\/\/musicforall.com.br\/site2024\/wp-json\/wp\/v2\/media?parent=10209"}],"wp:term":[{"taxonomy":"category","embeddable":true,"href":"https:\/\/musicforall.com.br\/site2024\/wp-json\/wp\/v2\/categories?post=10209"},{"taxonomy":"post_tag","embeddable":true,"href":"https:\/\/musicforall.com.br\/site2024\/wp-json\/wp\/v2\/tags?post=10209"}],"curies":[{"name":"wp","href":"https:\/\/api.w.org\/{rel}","templated":true}]}}