{"id":10167,"date":"2023-04-24T19:24:52","date_gmt":"2023-04-24T22:24:52","guid":{"rendered":"https:\/\/musicforall.com.br\/?p=10167"},"modified":"2023-04-24T19:24:52","modified_gmt":"2023-04-24T22:24:52","slug":"brasileiro-radicado-na-franca-dan-szyller-lanca-clipe-de-faixa-do-seu-debut-album","status":"publish","type":"post","link":"https:\/\/musicforall.com.br\/site2024\/brasileiro-radicado-na-franca-dan-szyller-lanca-clipe-de-faixa-do-seu-debut-album\/","title":{"rendered":"Brasileiro radicado na Fran\u00e7a, Dan Szyller lan\u00e7a clipe de faixa do seu debut \u00e1lbum"},"content":{"rendered":"\n<p>O brasileiro Dan Szyller divulga seu primeiro \u00e1lbum, \u201cThe Celestial Immigrant\u201d, que j\u00e1 teve mais de 100 mil fluxos no Spotify. A faixa \u201cKing\u2019s Hall\u201d \u00e9 um dos componentes deste repert\u00f3rio, e h\u00e1 um m\u00eas o cantor e compositor lan\u00e7ou um clipe da mesma. Trabalho bem feito e com cuidado nos detalhes.<\/p>\n\n\n\n<p>Szyller mora na Fran\u00e7a, mas \u00e9 paulistano, tendo passado e residido em diversos pa\u00edses, dentre eles, Estados Unidos e Israel. Pode ser estes um dos motes de seu som ser t\u00e3o diversificado, como nesta can\u00e7\u00e3o. Nela, o leitor (ouvinte) ir\u00e1 notar uma sonoridade peculiar, mas uma mescla conhecida entre o erudito e o rock progressivo, gerando uma sonoridade bem trabalhada e \u00e9pica.<\/p>\n\n\n\n<p>O moderno e o r\u00fastico tamb\u00e9m se encontram em \u201cKing\u2019s Hall\u201d, com guitarras pontuais, de riffs intrincados, mas suaves, e uma cozinha de baixo vibrante e bateria cadenciada, al\u00e9m de \u00f3rg\u00e3os muito bem encaixados. O artista opta por cantar de forma erudita, revelando um timbre original e pot\u00eancia al\u00e9m do normal. O clipe tamb\u00e9m \u00e9 muito acima da m\u00e9dia. Roteirizado, com excelente edi\u00e7\u00e3o e uma boa fotografia, traduz bem a can\u00e7\u00e3o e seu tema, tamb\u00e9m com aspectos \u00e9pico e erudito.<\/p>\n\n\n\n<figure class=\"wp-block-embed is-type-video is-provider-youtube wp-block-embed-youtube wp-embed-aspect-16-9 wp-has-aspect-ratio\"><div class=\"wp-block-embed__wrapper\">\nhttps:\/\/www.youtube.com\/watch?v=DsSpuMWpsjk\n<\/div><\/figure>\n\n\n\n<p><a href=\"https:\/\/danszyller.hearnow.com\/\" target=\"_blank\" rel=\"noreferrer noopener\">https:\/\/danszyller.hearnow.com\/<\/a><br><a href=\"https:\/\/www.facebook.com\/profile.php\" target=\"_blank\" rel=\"noreferrer noopener\">https:\/\/www.facebook.com\/profile.php<\/a><br><a href=\"https:\/\/open.spotify.com\/artist\/0xoA10xEQttQSZUGyAlMBT?si=YEW-CjPATb2NaYhrSYJRrA\" target=\"_blank\" rel=\"noreferrer noopener\">https:\/\/open.spotify.com\/artist\/0xoA10xEQttQSZUGyAlMBT?si=YEW-CjPATb2NaYhrSYJRrA<\/a><br><a href=\"https:\/\/youtube.com\/@danszyller167\" target=\"_blank\" rel=\"noreferrer noopener\">https:\/\/youtube.com\/@danszyller167<\/a><br><a href=\"https:\/\/mobile.twitter.com\/dszyller\" target=\"_blank\" rel=\"noreferrer noopener\">https:\/\/mobile.twitter.com\/dszyller<\/a><\/p>\n","protected":false},"excerpt":{"rendered":"<p>O brasileiro Dan Szyller divulga seu primeiro \u00e1lbum, \u201cThe Celestial Immigrant\u201d, que j\u00e1 teve mais de 100 mil fluxos no Spotify. A faixa \u201cKing\u2019s Hall\u201d \u00e9 um dos componentes deste repert\u00f3rio, e h\u00e1 um m\u00eas o cantor e compositor lan\u00e7ou um clipe da mesma. Trabalho bem feito e com cuidado nos detalhes. Szyller mora na [&hellip;]<\/p>\n","protected":false},"author":5,"featured_media":10168,"comment_status":"open","ping_status":"open","sticky":false,"template":"","format":"standard","meta":{"footnotes":""},"categories":[25,24,20],"tags":[1698,32],"class_list":["post-10167","post","type-post","status-publish","format-standard","has-post-thumbnail","hentry","category-destaque","category-internacional","category-noticias","tag-prog-rock","tag-rock"],"views":60,"_links":{"self":[{"href":"https:\/\/musicforall.com.br\/site2024\/wp-json\/wp\/v2\/posts\/10167","targetHints":{"allow":["GET"]}}],"collection":[{"href":"https:\/\/musicforall.com.br\/site2024\/wp-json\/wp\/v2\/posts"}],"about":[{"href":"https:\/\/musicforall.com.br\/site2024\/wp-json\/wp\/v2\/types\/post"}],"author":[{"embeddable":true,"href":"https:\/\/musicforall.com.br\/site2024\/wp-json\/wp\/v2\/users\/5"}],"replies":[{"embeddable":true,"href":"https:\/\/musicforall.com.br\/site2024\/wp-json\/wp\/v2\/comments?post=10167"}],"version-history":[{"count":1,"href":"https:\/\/musicforall.com.br\/site2024\/wp-json\/wp\/v2\/posts\/10167\/revisions"}],"predecessor-version":[{"id":10169,"href":"https:\/\/musicforall.com.br\/site2024\/wp-json\/wp\/v2\/posts\/10167\/revisions\/10169"}],"wp:featuredmedia":[{"embeddable":true,"href":"https:\/\/musicforall.com.br\/site2024\/wp-json\/wp\/v2\/media\/10168"}],"wp:attachment":[{"href":"https:\/\/musicforall.com.br\/site2024\/wp-json\/wp\/v2\/media?parent=10167"}],"wp:term":[{"taxonomy":"category","embeddable":true,"href":"https:\/\/musicforall.com.br\/site2024\/wp-json\/wp\/v2\/categories?post=10167"},{"taxonomy":"post_tag","embeddable":true,"href":"https:\/\/musicforall.com.br\/site2024\/wp-json\/wp\/v2\/tags?post=10167"}],"curies":[{"name":"wp","href":"https:\/\/api.w.org\/{rel}","templated":true}]}}