{"id":10152,"date":"2023-04-24T18:02:55","date_gmt":"2023-04-24T21:02:55","guid":{"rendered":"https:\/\/musicforall.com.br\/?p=10152"},"modified":"2023-04-24T18:07:18","modified_gmt":"2023-04-24T21:07:18","slug":"matt-deangelis-assista-o-magistral-single-video-cant-write-about-today-saiba-mais","status":"publish","type":"post","link":"https:\/\/musicforall.com.br\/site2024\/matt-deangelis-assista-o-magistral-single-video-cant-write-about-today-saiba-mais\/","title":{"rendered":"Matt DeAngelis: assista o magistral single\/v\u00eddeo &#8220;Can&#8217;t Write About Today&#8221;; saiba mais"},"content":{"rendered":"\n<p>Um brado de melancolia resultante dos \u00faltimos acontecimentos ao redor do planeta, que simultaneamente acena com a possibilidade de dias melhores, desprendendo esperan\u00e7a pelos poros em seus sinais que sim, as coisas podem se amenizar com determinadas a\u00e7\u00f5es. Este manifesto repercutido sonoramente, \u00e9 o mais recente lan\u00e7amento em formato de single\/v\u00eddeo do artista de New Jersey, Matt DeAngelis, &#8220;Can&#8217;t Write About Today&#8221;!<\/p>\n\n\n\n<p>O canto ampliado em dimens\u00f5es cl\u00e1ssicas, desbragando sofreguid\u00e3o emocional e ampliado em t\u00e9cnica aprofundada, dialoga perante o instrumental que embarga em uma cruzada entre o indie e o art-rock, desprende juntamente a narrativa, toda a sensibilidade amplificada que o discurso da narrativa merece. Ali\u00e1s, o v\u00eddeo traz uma capta\u00e7\u00e3o magistral de Matt, alternando na fotografia tons claros com escuros, deixando claro essa dicotomia que duela brilhantemente frente a experi\u00eancia.<\/p>\n\n\n<div class=\"wp-block-image\">\n<figure class=\"aligncenter size-large\"><img fetchpriority=\"high\" decoding=\"async\" width=\"682\" height=\"1024\" src=\"https:\/\/musicforall.com.br\/site2024\/wp-content\/uploads\/2023\/04\/Matt-DeAngelis-2-682x1024.jpg\" alt=\"\" class=\"wp-image-10156\" srcset=\"https:\/\/musicforall.com.br\/site2024\/wp-content\/uploads\/2023\/04\/Matt-DeAngelis-2-682x1024.jpg 682w, https:\/\/musicforall.com.br\/site2024\/wp-content\/uploads\/2023\/04\/Matt-DeAngelis-2-200x300.jpg 200w, https:\/\/musicforall.com.br\/site2024\/wp-content\/uploads\/2023\/04\/Matt-DeAngelis-2-768x1153.jpg 768w, https:\/\/musicforall.com.br\/site2024\/wp-content\/uploads\/2023\/04\/Matt-DeAngelis-2-1023x1536.jpg 1023w, https:\/\/musicforall.com.br\/site2024\/wp-content\/uploads\/2023\/04\/Matt-DeAngelis-2.jpg 1066w\" sizes=\"(max-width: 682px) 100vw, 682px\" \/><\/figure>\n<\/div>\n\n\n<p>O conjunto entre imagem + som se torna algo totalmente proeminente e necess\u00e1rio, tudo se completa nesta jornada sensorial realmente memor\u00e1vel! N\u00e3o podemos deixar de destacar o refr\u00e3o, daqueles incisivos, suntuosos e perfeitos para serem bradados de forma entusi\u00e1stica, com uma estrofe que externa toda a precis\u00e3o dram\u00e1tica que \u00e9 desprendida. SENSACIONAL!!! Disponibilizado abaixo, o brilhante single\/v\u00eddeo &#8220;Can&#8217;t Write About Today&#8221;:<\/p>\n\n\n\n<figure class=\"wp-block-embed is-type-video is-provider-youtube wp-block-embed-youtube wp-embed-aspect-16-9 wp-has-aspect-ratio\"><div class=\"wp-block-embed__wrapper\">\n<iframe title=\"&quot;Can&#039;t Write About Today&quot; Music Video\" width=\"800\" height=\"450\" src=\"https:\/\/www.youtube.com\/embed\/YyI6dxgv9oY?feature=oembed\" frameborder=\"0\" allow=\"accelerometer; autoplay; clipboard-write; encrypted-media; gyroscope; picture-in-picture; web-share\" referrerpolicy=\"strict-origin-when-cross-origin\" allowfullscreen><\/iframe>\n<\/div><\/figure>\n\n\n\n<p><br><a href=\"https:\/\/www.mattdeangelismusic.com\/\">https:\/\/www.mattdeangelismusic.com\/<\/a><br><a href=\"https:\/\/www.facebook.com\/mattdeangelismusic\">https:\/\/www.facebook.com\/mattdeangelismusic<\/a><br><a href=\"https:\/\/open.spotify.com\/artist\/0ejTmYKaWOBehHwjpchCq8\">https:\/\/open.spotify.com\/artist\/0ejTmYKaWOBehHwjpchCq8<\/a><br><a href=\"https:\/\/soundcloud.com\/user-195299886\">https:\/\/soundcloud.com\/user-195299886<\/a><br><a href=\"https:\/\/mattdeangelis.bandcamp.com\/album\/world-im-comin-for-you?from=fanpub_fnb\">https:\/\/mattdeangelis.bandcamp.com\/album\/world-im-comin-for-you?from=fanpub_fnb<\/a><br><a href=\"https:\/\/music.youtube.com\/watch?v=uQvcSa9MQ3w&amp;list=RDAMVMuQvcSa9MQ3w\">https:\/\/music.youtube.com\/watch?v=uQvcSa9MQ3w&amp;list=RDAMVMuQvcSa9MQ3w<\/a><br><a href=\"https:\/\/www.instagram.com\/mattdeangelismusic\/\">https:\/\/www.instagram.com\/mattdeangelismusic\/<\/a><br><a href=\"https:\/\/twitter.com\/mattdean7_matt\">https:\/\/twitter.com\/mattdean7_matt<\/a><\/p>\n\n\n\n<p><\/p>\n\n\n\n<p><\/p>\n\n\n\n<p><\/p>\n\n\n\n<p><\/p>\n\n\n\n<p><\/p>\n\n\n\n<p><\/p>\n\n\n\n<p><br><\/p>\n","protected":false},"excerpt":{"rendered":"<p>Um brado de melancolia resultante dos \u00faltimos acontecimentos ao redor do planeta, que simultaneamente acena com a possibilidade de dias melhores, desprendendo esperan\u00e7a pelos poros em seus sinais que sim, as coisas podem se amenizar com determinadas a\u00e7\u00f5es. Este manifesto repercutido sonoramente, \u00e9 o mais recente lan\u00e7amento em formato de single\/v\u00eddeo do artista de New [&hellip;]<\/p>\n","protected":false},"author":6,"featured_media":10157,"comment_status":"open","ping_status":"open","sticky":false,"template":"","format":"standard","meta":{"footnotes":""},"categories":[25,20],"tags":[2309,370,2285],"class_list":["post-10152","post","type-post","status-publish","format-standard","has-post-thumbnail","hentry","category-destaque","category-noticias","tag-cant-write-about-today","tag-alternative","tag-matt-deangelis"],"views":349,"_links":{"self":[{"href":"https:\/\/musicforall.com.br\/site2024\/wp-json\/wp\/v2\/posts\/10152","targetHints":{"allow":["GET"]}}],"collection":[{"href":"https:\/\/musicforall.com.br\/site2024\/wp-json\/wp\/v2\/posts"}],"about":[{"href":"https:\/\/musicforall.com.br\/site2024\/wp-json\/wp\/v2\/types\/post"}],"author":[{"embeddable":true,"href":"https:\/\/musicforall.com.br\/site2024\/wp-json\/wp\/v2\/users\/6"}],"replies":[{"embeddable":true,"href":"https:\/\/musicforall.com.br\/site2024\/wp-json\/wp\/v2\/comments?post=10152"}],"version-history":[{"count":2,"href":"https:\/\/musicforall.com.br\/site2024\/wp-json\/wp\/v2\/posts\/10152\/revisions"}],"predecessor-version":[{"id":10162,"href":"https:\/\/musicforall.com.br\/site2024\/wp-json\/wp\/v2\/posts\/10152\/revisions\/10162"}],"wp:featuredmedia":[{"embeddable":true,"href":"https:\/\/musicforall.com.br\/site2024\/wp-json\/wp\/v2\/media\/10157"}],"wp:attachment":[{"href":"https:\/\/musicforall.com.br\/site2024\/wp-json\/wp\/v2\/media?parent=10152"}],"wp:term":[{"taxonomy":"category","embeddable":true,"href":"https:\/\/musicforall.com.br\/site2024\/wp-json\/wp\/v2\/categories?post=10152"},{"taxonomy":"post_tag","embeddable":true,"href":"https:\/\/musicforall.com.br\/site2024\/wp-json\/wp\/v2\/tags?post=10152"}],"curies":[{"name":"wp","href":"https:\/\/api.w.org\/{rel}","templated":true}]}}